                       {"id":55803,"date":"2024-03-19T12:29:11","date_gmt":"2024-03-19T18:29:11","guid":{"rendered":"https:\/\/laultimapalabra.com.mx\/portal\/?p=55803"},"modified":"2024-03-19T12:29:41","modified_gmt":"2024-03-19T18:29:41","slug":"deja-choque-lateral-lesionados-en-cadereyta","status":"publish","type":"post","link":"https:\/\/laultimapalabra.com.mx\/portal\/deja-choque-lateral-lesionados-en-cadereyta\/","title":{"rendered":"Deja choque lateral lesionados en Cadereyta"},"content":{"rendered":"\n<p><br><br>Cadereyta Jim\u00e9nez, N.L.- La ma\u00f1ana de este martes, se suscit\u00f3 un choque en el Alamito en el kil\u00f3metro 13.5 de la carretera Cadereyta-Allende, donde tres personas resultaron lesionadas. <br>Los lesionados fueron identificados como trabajadores de la empresa Truxton y tras el percance vial, fueron trasladados&nbsp; a la Cl\u00ednica 14 del IMSS. <br>Trascendi\u00f3 que viajaban a bordo de una van, cuando el veh\u00edculo del presunto responsable que iba a bordo de un autom\u00f3vil, tipo Tsuru iba a ingresar hacia la comunidad de Palmitos por lo que fren\u00f3 y el conductor de la camioneta tipo mini Van al intentar sacarle la vuelta, lo impact\u00f3 en un costado.<br>La circulaci\u00f3n en direcci\u00f3n hacia Cadereyta se vio afectada, mientras arrib\u00f3 al sitio elementos de la Guardia Nacional, quienes realizaron las labores correspondientes.<\/p>\n","protected":false},"excerpt":{"rendered":"<p>Cadereyta Jim\u00e9nez, N.L.- La ma\u00f1ana de este martes, se suscit\u00f3 un choque en el Alamito en el kil\u00f3metro 13.5 de la carretera Cadereyta-Allende, donde tres personas resultaron lesionadas. Los lesionados fueron identificados como trabajadores de la empresa Truxton y tras el percance vial, fueron trasladados&nbsp; a la Cl\u00ednica 14 del IMSS. Trascendi\u00f3 que viajaban a [&hellip;]<\/p>\n","protected":false},"author":9,"featured_media":55802,"comment_status":"closed","ping_status":"closed","sticky":false,"template":"","format":"standard","meta":{"footnotes":""},"categories":[17],"tags":[3840,4315,5859],"class_list":["post-55803","post","type-post","status-publish","format-standard","has-post-thumbnail","hentry","category-locales-cadereyta","tag-cadereyta-jimenez-nl","tag-lesionados","tag-ultimas-noticias"],"_links":{"self":[{"href":"https:\/\/laultimapalabra.com.mx\/portal\/wp-json\/wp\/v2\/posts\/55803","targetHints":{"allow":["GET"]}}],"collection":[{"href":"https:\/\/laultimapalabra.com.mx\/portal\/wp-json\/wp\/v2\/posts"}],"about":[{"href":"https:\/\/laultimapalabra.com.mx\/portal\/wp-json\/wp\/v2\/types\/post"}],"author":[{"embeddable":true,"href":"https:\/\/laultimapalabra.com.mx\/portal\/wp-json\/wp\/v2\/users\/9"}],"replies":[{"embeddable":true,"href":"https:\/\/laultimapalabra.com.mx\/portal\/wp-json\/wp\/v2\/comments?post=55803"}],"version-history":[{"count":1,"href":"https:\/\/laultimapalabra.com.mx\/portal\/wp-json\/wp\/v2\/posts\/55803\/revisions"}],"predecessor-version":[{"id":55804,"href":"https:\/\/laultimapalabra.com.mx\/portal\/wp-json\/wp\/v2\/posts\/55803\/revisions\/55804"}],"wp:featuredmedia":[{"embeddable":true,"href":"https:\/\/laultimapalabra.com.mx\/portal\/wp-json\/wp\/v2\/media\/55802"}],"wp:attachment":[{"href":"https:\/\/laultimapalabra.com.mx\/portal\/wp-json\/wp\/v2\/media?parent=55803"}],"wp:term":[{"taxonomy":"category","embeddable":true,"href":"https:\/\/laultimapalabra.com.mx\/portal\/wp-json\/wp\/v2\/categories?post=55803"},{"taxonomy":"post_tag","embeddable":true,"href":"https:\/\/laultimapalabra.com.mx\/portal\/wp-json\/wp\/v2\/tags?post=55803"}],"curies":[{"name":"wp","href":"https:\/\/api.w.org\/{rel}","templated":true}]}}