                       {"id":55817,"date":"2024-03-19T12:46:55","date_gmt":"2024-03-19T18:46:55","guid":{"rendered":"https:\/\/laultimapalabra.com.mx\/portal\/?p=55817"},"modified":"2024-03-19T12:47:03","modified_gmt":"2024-03-19T18:47:03","slug":"dejaran-de-estudiar-en-aulas-moviles-les-construyen-tres-salones","status":"publish","type":"post","link":"https:\/\/laultimapalabra.com.mx\/portal\/dejaran-de-estudiar-en-aulas-moviles-les-construyen-tres-salones\/","title":{"rendered":"Dejar\u00e1n de estudiar en aulas m\u00f3viles; les construyen tres salones"},"content":{"rendered":"\n<p><br>Ju\u00e1rez, N.L.<br>Despu\u00e9s de una lucha de cinco meses de parte de los padres de familia de la escuela primaria Mario Benedetti, por fin iniciaron la construcci\u00f3n de tres aulas para igual n\u00famero de grupos de ambos turnos.<br>Fue en el mes de octubre, cuando se iniciaron plantones y protestas de los padres de familia, al ver a sus hijos estudiar a la intemperie en los patios del plantel ubicado en la colonia Los Puertos.<br>Hoy ya se iniciaron los trabajos y la sociedad de Padres de Familia, encabezada por Sandra Cavazos,&nbsp; agradecieron la gestion del director Ad\u00e1n Guillermo D\u00edaz Ordaz de la Rosa; al supervisor Escolar Zona 162, Profesor V\u00edctor Eleazar Valdez Hern\u00e1ndez y sobre todo a la Secretaria de Educaci\u00f3n P\u00fablica, por la importante obra que saca a los ni\u00f1os de estudiar de las aulas m\u00f3viles a sus salones equipados.<\/p>\n\n\n\n<figure class=\"wp-block-image size-large\"><img loading=\"lazy\" decoding=\"async\" width=\"1024\" height=\"906\" src=\"https:\/\/laultimapalabra.com.mx\/portal\/wp-content\/uploads\/2024\/03\/img-20240319-wa00135058466014265406594-1024x906.jpg\" alt=\"\" class=\"wp-image-55810\" srcset=\"https:\/\/laultimapalabra.com.mx\/portal\/wp-content\/uploads\/2024\/03\/img-20240319-wa00135058466014265406594-1024x906.jpg 1024w, https:\/\/laultimapalabra.com.mx\/portal\/wp-content\/uploads\/2024\/03\/img-20240319-wa00135058466014265406594-300x265.jpg 300w, https:\/\/laultimapalabra.com.mx\/portal\/wp-content\/uploads\/2024\/03\/img-20240319-wa00135058466014265406594-768x680.jpg 768w, https:\/\/laultimapalabra.com.mx\/portal\/wp-content\/uploads\/2024\/03\/img-20240319-wa00135058466014265406594.jpg 1243w\" sizes=\"auto, (max-width: 1024px) 100vw, 1024px\" \/><\/figure>\n\n\n\n<figure class=\"wp-block-image\"><img loading=\"lazy\" decoding=\"async\" width=\"1024\" height=\"768\" src=\"https:\/\/laultimapalabra.com.mx\/portal\/wp-content\/uploads\/2024\/03\/img-20240319-wa00195950680958234032959-1024x768.jpg\" alt=\"\" class=\"wp-image-55811\" srcset=\"https:\/\/laultimapalabra.com.mx\/portal\/wp-content\/uploads\/2024\/03\/img-20240319-wa00195950680958234032959-1024x768.jpg 1024w, https:\/\/laultimapalabra.com.mx\/portal\/wp-content\/uploads\/2024\/03\/img-20240319-wa00195950680958234032959-300x225.jpg 300w, https:\/\/laultimapalabra.com.mx\/portal\/wp-content\/uploads\/2024\/03\/img-20240319-wa00195950680958234032959-768x576.jpg 768w, https:\/\/laultimapalabra.com.mx\/portal\/wp-content\/uploads\/2024\/03\/img-20240319-wa00195950680958234032959-1536x1152.jpg 1536w, https:\/\/laultimapalabra.com.mx\/portal\/wp-content\/uploads\/2024\/03\/img-20240319-wa00195950680958234032959.jpg 1600w\" sizes=\"auto, (max-width: 1024px) 100vw, 1024px\" \/><\/figure>\n\n\n\n<figure class=\"wp-block-image size-large\"><img loading=\"lazy\" decoding=\"async\" width=\"136\" height=\"193\" src=\"https:\/\/laultimapalabra.com.mx\/portal\/wp-content\/uploads\/2024\/03\/image_editor_output_image-534096862-17108739874134717000600004688747.jpg\" alt=\"\" class=\"wp-image-55815\"\/><\/figure>\n\n\n\n<figure class=\"wp-block-image\"><img loading=\"lazy\" decoding=\"async\" width=\"1024\" height=\"768\" src=\"https:\/\/laultimapalabra.com.mx\/portal\/wp-content\/uploads\/2024\/03\/img-20240319-wa00183286229632507141246-1024x768.jpg\" alt=\"\" class=\"wp-image-55812\" srcset=\"https:\/\/laultimapalabra.com.mx\/portal\/wp-content\/uploads\/2024\/03\/img-20240319-wa00183286229632507141246-1024x768.jpg 1024w, https:\/\/laultimapalabra.com.mx\/portal\/wp-content\/uploads\/2024\/03\/img-20240319-wa00183286229632507141246-300x225.jpg 300w, https:\/\/laultimapalabra.com.mx\/portal\/wp-content\/uploads\/2024\/03\/img-20240319-wa00183286229632507141246-768x576.jpg 768w, https:\/\/laultimapalabra.com.mx\/portal\/wp-content\/uploads\/2024\/03\/img-20240319-wa00183286229632507141246-1536x1152.jpg 1536w, https:\/\/laultimapalabra.com.mx\/portal\/wp-content\/uploads\/2024\/03\/img-20240319-wa00183286229632507141246.jpg 1600w\" sizes=\"auto, (max-width: 1024px) 100vw, 1024px\" \/><\/figure>\n\n\n\n<figure class=\"wp-block-image size-large\"><img loading=\"lazy\" decoding=\"async\" width=\"130\" height=\"96\" src=\"https:\/\/laultimapalabra.com.mx\/portal\/wp-content\/uploads\/2024\/03\/image_editor_output_image481189102-17108740069266721924745143248122.jpg\" alt=\"\" class=\"wp-image-55816\"\/><\/figure>\n","protected":false},"excerpt":{"rendered":"<p>Ju\u00e1rez, N.L.Despu\u00e9s de una lucha de cinco meses de parte de los padres de familia de la escuela primaria Mario Benedetti, por fin iniciaron la construcci\u00f3n de tres aulas para igual n\u00famero de grupos de ambos turnos.Fue en el mes de octubre, cuando se iniciaron plantones y protestas de los padres de familia, al ver [&hellip;]<\/p>\n","protected":false},"author":9,"featured_media":55808,"comment_status":"closed","ping_status":"closed","sticky":false,"template":"","format":"standard","meta":{"footnotes":""},"categories":[1],"tags":[228,3590,11987,5859],"class_list":["post-55817","post","type-post","status-publish","format-standard","has-post-thumbnail","hentry","category-noticias","tag-aulas-moviles","tag-juarez-nl","tag-salones","tag-ultimas-noticias"],"_links":{"self":[{"href":"https:\/\/laultimapalabra.com.mx\/portal\/wp-json\/wp\/v2\/posts\/55817","targetHints":{"allow":["GET"]}}],"collection":[{"href":"https:\/\/laultimapalabra.com.mx\/portal\/wp-json\/wp\/v2\/posts"}],"about":[{"href":"https:\/\/laultimapalabra.com.mx\/portal\/wp-json\/wp\/v2\/types\/post"}],"author":[{"embeddable":true,"href":"https:\/\/laultimapalabra.com.mx\/portal\/wp-json\/wp\/v2\/users\/9"}],"replies":[{"embeddable":true,"href":"https:\/\/laultimapalabra.com.mx\/portal\/wp-json\/wp\/v2\/comments?post=55817"}],"version-history":[{"count":1,"href":"https:\/\/laultimapalabra.com.mx\/portal\/wp-json\/wp\/v2\/posts\/55817\/revisions"}],"predecessor-version":[{"id":55818,"href":"https:\/\/laultimapalabra.com.mx\/portal\/wp-json\/wp\/v2\/posts\/55817\/revisions\/55818"}],"wp:featuredmedia":[{"embeddable":true,"href":"https:\/\/laultimapalabra.com.mx\/portal\/wp-json\/wp\/v2\/media\/55808"}],"wp:attachment":[{"href":"https:\/\/laultimapalabra.com.mx\/portal\/wp-json\/wp\/v2\/media?parent=55817"}],"wp:term":[{"taxonomy":"category","embeddable":true,"href":"https:\/\/laultimapalabra.com.mx\/portal\/wp-json\/wp\/v2\/categories?post=55817"},{"taxonomy":"post_tag","embeddable":true,"href":"https:\/\/laultimapalabra.com.mx\/portal\/wp-json\/wp\/v2\/tags?post=55817"}],"curies":[{"name":"wp","href":"https:\/\/api.w.org\/{rel}","templated":true}]}}