                       {"id":55874,"date":"2024-03-20T14:44:35","date_gmt":"2024-03-20T20:44:35","guid":{"rendered":"https:\/\/laultimapalabra.com.mx\/portal\/?p=55874"},"modified":"2024-03-20T14:50:03","modified_gmt":"2024-03-20T20:50:03","slug":"se-registra-chendo-garza-ante-el-ieepcnl","status":"publish","type":"post","link":"https:\/\/laultimapalabra.com.mx\/portal\/se-registra-chendo-garza-ante-el-ieepcnl\/","title":{"rendered":"Se registra &#8220;Chendo&#8221; Garza ante el&nbsp; IEEPCNL"},"content":{"rendered":"\n<p><br>Ju\u00e1rez, N.L. <br>En punto de las 13:00 horas de hoy, Rosendo &#8220;Chendo&#8221; Garza Leal, se registr\u00f3 ante el Instituto Estatal Electoral y de Participaci\u00f3n Ciudadana de Nuevo Le\u00f3n, ya como candidato oficial de Movimiento Ciudadano para el Distrito 26 local.<br>Chendo Garza y los otros 25 candidatos m\u00e1s, entregaron su papeler\u00eda ante el \u00f3rgano colegiado en un evento masivo en la sede estatal ubicada en la calle 5 de Mayo de la zona centro de Monterrey.<br>Ser\u00e1 desde el 31 de marzo, cuando el abanderado emecista inicie campa\u00f1a en forma oficial en los municipios de Cadereyta,\u00a0 Allende y Montemorelos, ciudades que componen el distrito 26 local.<\/p>\n\n\n\n<figure class=\"wp-block-image size-large\"><img loading=\"lazy\" decoding=\"async\" width=\"768\" height=\"1024\" src=\"https:\/\/laultimapalabra.com.mx\/portal\/wp-content\/uploads\/2024\/03\/img-20240320-wa00158052707124329715598-1-768x1024.jpg\" alt=\"\" class=\"wp-image-55871\" srcset=\"https:\/\/laultimapalabra.com.mx\/portal\/wp-content\/uploads\/2024\/03\/img-20240320-wa00158052707124329715598-1-768x1024.jpg 768w, https:\/\/laultimapalabra.com.mx\/portal\/wp-content\/uploads\/2024\/03\/img-20240320-wa00158052707124329715598-1-225x300.jpg 225w, https:\/\/laultimapalabra.com.mx\/portal\/wp-content\/uploads\/2024\/03\/img-20240320-wa00158052707124329715598-1-1152x1536.jpg 1152w, https:\/\/laultimapalabra.com.mx\/portal\/wp-content\/uploads\/2024\/03\/img-20240320-wa00158052707124329715598-1.jpg 1200w\" sizes=\"auto, (max-width: 768px) 100vw, 768px\" \/><\/figure>\n\n\n\n<figure class=\"wp-block-image\"><img loading=\"lazy\" decoding=\"async\" width=\"904\" height=\"1024\" src=\"https:\/\/laultimapalabra.com.mx\/portal\/wp-content\/uploads\/2024\/03\/img-20240320-wa00143274571437965471727-1-904x1024.jpg\" alt=\"\" class=\"wp-image-55872\" srcset=\"https:\/\/laultimapalabra.com.mx\/portal\/wp-content\/uploads\/2024\/03\/img-20240320-wa00143274571437965471727-1-904x1024.jpg 904w, https:\/\/laultimapalabra.com.mx\/portal\/wp-content\/uploads\/2024\/03\/img-20240320-wa00143274571437965471727-1-265x300.jpg 265w, https:\/\/laultimapalabra.com.mx\/portal\/wp-content\/uploads\/2024\/03\/img-20240320-wa00143274571437965471727-1-768x870.jpg 768w, https:\/\/laultimapalabra.com.mx\/portal\/wp-content\/uploads\/2024\/03\/img-20240320-wa00143274571437965471727-1-1356x1536.jpg 1356w, https:\/\/laultimapalabra.com.mx\/portal\/wp-content\/uploads\/2024\/03\/img-20240320-wa00143274571437965471727-1.jpg 1412w\" sizes=\"auto, (max-width: 904px) 100vw, 904px\" \/><\/figure>\n\n\n\n<figure class=\"wp-block-image\"><img loading=\"lazy\" decoding=\"async\" width=\"888\" height=\"1024\" src=\"https:\/\/laultimapalabra.com.mx\/portal\/wp-content\/uploads\/2024\/03\/img-20240320-wa00181372179742005749859-1-888x1024.jpg\" alt=\"\" class=\"wp-image-55873\" srcset=\"https:\/\/laultimapalabra.com.mx\/portal\/wp-content\/uploads\/2024\/03\/img-20240320-wa00181372179742005749859-1-888x1024.jpg 888w, https:\/\/laultimapalabra.com.mx\/portal\/wp-content\/uploads\/2024\/03\/img-20240320-wa00181372179742005749859-1-260x300.jpg 260w, https:\/\/laultimapalabra.com.mx\/portal\/wp-content\/uploads\/2024\/03\/img-20240320-wa00181372179742005749859-1-768x885.jpg 768w, https:\/\/laultimapalabra.com.mx\/portal\/wp-content\/uploads\/2024\/03\/img-20240320-wa00181372179742005749859-1-1332x1536.jpg 1332w, https:\/\/laultimapalabra.com.mx\/portal\/wp-content\/uploads\/2024\/03\/img-20240320-wa00181372179742005749859-1.jpg 1388w\" sizes=\"auto, (max-width: 888px) 100vw, 888px\" \/><\/figure>\n","protected":false},"excerpt":{"rendered":"<p>Ju\u00e1rez, N.L. En punto de las 13:00 horas de hoy, Rosendo &#8220;Chendo&#8221; Garza Leal, se registr\u00f3 ante el Instituto Estatal Electoral y de Participaci\u00f3n Ciudadana de Nuevo Le\u00f3n, ya como candidato oficial de Movimiento Ciudadano para el Distrito 26 local.Chendo Garza y los otros 25 candidatos m\u00e1s, entregaron su papeler\u00eda ante el \u00f3rgano colegiado en [&hellip;]<\/p>\n","protected":false},"author":9,"featured_media":55867,"comment_status":"closed","ping_status":"closed","sticky":false,"template":"","format":"standard","meta":{"footnotes":""},"categories":[17],"tags":[3078,11997,11996,5859],"class_list":["post-55874","post","type-post","status-publish","format-standard","has-post-thumbnail","hentry","category-locales-cadereyta","tag-chendo-garza","tag-ieepcnl","tag-se-registra","tag-ultimas-noticias"],"_links":{"self":[{"href":"https:\/\/laultimapalabra.com.mx\/portal\/wp-json\/wp\/v2\/posts\/55874","targetHints":{"allow":["GET"]}}],"collection":[{"href":"https:\/\/laultimapalabra.com.mx\/portal\/wp-json\/wp\/v2\/posts"}],"about":[{"href":"https:\/\/laultimapalabra.com.mx\/portal\/wp-json\/wp\/v2\/types\/post"}],"author":[{"embeddable":true,"href":"https:\/\/laultimapalabra.com.mx\/portal\/wp-json\/wp\/v2\/users\/9"}],"replies":[{"embeddable":true,"href":"https:\/\/laultimapalabra.com.mx\/portal\/wp-json\/wp\/v2\/comments?post=55874"}],"version-history":[{"count":1,"href":"https:\/\/laultimapalabra.com.mx\/portal\/wp-json\/wp\/v2\/posts\/55874\/revisions"}],"predecessor-version":[{"id":55875,"href":"https:\/\/laultimapalabra.com.mx\/portal\/wp-json\/wp\/v2\/posts\/55874\/revisions\/55875"}],"wp:featuredmedia":[{"embeddable":true,"href":"https:\/\/laultimapalabra.com.mx\/portal\/wp-json\/wp\/v2\/media\/55867"}],"wp:attachment":[{"href":"https:\/\/laultimapalabra.com.mx\/portal\/wp-json\/wp\/v2\/media?parent=55874"}],"wp:term":[{"taxonomy":"category","embeddable":true,"href":"https:\/\/laultimapalabra.com.mx\/portal\/wp-json\/wp\/v2\/categories?post=55874"},{"taxonomy":"post_tag","embeddable":true,"href":"https:\/\/laultimapalabra.com.mx\/portal\/wp-json\/wp\/v2\/tags?post=55874"}],"curies":[{"name":"wp","href":"https:\/\/api.w.org\/{rel}","templated":true}]}}