                       {"id":55930,"date":"2024-03-21T19:35:33","date_gmt":"2024-03-22T01:35:33","guid":{"rendered":"https:\/\/laultimapalabra.com.mx\/portal\/?p=55930"},"modified":"2024-03-21T19:35:35","modified_gmt":"2024-03-22T01:35:35","slug":"rinden-honores-a-juarez-por-su-natalicio","status":"publish","type":"post","link":"https:\/\/laultimapalabra.com.mx\/portal\/rinden-honores-a-juarez-por-su-natalicio\/","title":{"rendered":"Rinden honores a Ju\u00e1rez por su natalicio"},"content":{"rendered":"\n<p><\/p>\n\n\n\n<p><br>Ju\u00e1rez, N.L.<br>Con diversas guardias de honor y ofrendas florales rindieron homenaje al Benem\u00e9rito de las Am\u00e9ricas, Benito Pablo Ju\u00e1rez Garc\u00eda, frente a su monumento, en la avenida Arturo B de la Garza y Julio Cisneros.<br>Desde temprano hora de hoy, funcionarios del actual gobierno municipal de Ju\u00e1rez, adem\u00e1s de otras instituciones y grupos, conmemoraron el natalicio del considerado el mejor presidente de M\u00e9xico, quien naciera el 21 de marzo de 1806 en cuyo honor se le dio nombre a este municipio.<br>Con bandas de guerra y con la lectura de la rese\u00f1a de la vida de Benito Ju\u00e1rez, se desarroll\u00f3 el emotivo evento con una nutrida concurrencia.<\/p>\n\n\n\n<figure class=\"wp-block-image size-large\"><img loading=\"lazy\" decoding=\"async\" width=\"1024\" height=\"683\" src=\"https:\/\/laultimapalabra.com.mx\/portal\/wp-content\/uploads\/2024\/03\/img-20240321-wa00605871928255893387852-1024x683.jpg\" alt=\"\" class=\"wp-image-55929\" srcset=\"https:\/\/laultimapalabra.com.mx\/portal\/wp-content\/uploads\/2024\/03\/img-20240321-wa00605871928255893387852-1024x683.jpg 1024w, https:\/\/laultimapalabra.com.mx\/portal\/wp-content\/uploads\/2024\/03\/img-20240321-wa00605871928255893387852-300x200.jpg 300w, https:\/\/laultimapalabra.com.mx\/portal\/wp-content\/uploads\/2024\/03\/img-20240321-wa00605871928255893387852-768x512.jpg 768w, https:\/\/laultimapalabra.com.mx\/portal\/wp-content\/uploads\/2024\/03\/img-20240321-wa00605871928255893387852-1536x1024.jpg 1536w, https:\/\/laultimapalabra.com.mx\/portal\/wp-content\/uploads\/2024\/03\/img-20240321-wa00605871928255893387852.jpg 1599w\" sizes=\"auto, (max-width: 1024px) 100vw, 1024px\" \/><\/figure>\n\n\n\n<figure class=\"wp-block-image\"><img loading=\"lazy\" decoding=\"async\" width=\"1024\" height=\"683\" src=\"https:\/\/laultimapalabra.com.mx\/portal\/wp-content\/uploads\/2024\/03\/img-20240321-wa00545827471229869076852-1024x683.jpg\" alt=\"\" class=\"wp-image-55928\" srcset=\"https:\/\/laultimapalabra.com.mx\/portal\/wp-content\/uploads\/2024\/03\/img-20240321-wa00545827471229869076852-1024x683.jpg 1024w, https:\/\/laultimapalabra.com.mx\/portal\/wp-content\/uploads\/2024\/03\/img-20240321-wa00545827471229869076852-300x200.jpg 300w, https:\/\/laultimapalabra.com.mx\/portal\/wp-content\/uploads\/2024\/03\/img-20240321-wa00545827471229869076852-768x512.jpg 768w, https:\/\/laultimapalabra.com.mx\/portal\/wp-content\/uploads\/2024\/03\/img-20240321-wa00545827471229869076852-1536x1024.jpg 1536w, https:\/\/laultimapalabra.com.mx\/portal\/wp-content\/uploads\/2024\/03\/img-20240321-wa00545827471229869076852.jpg 1599w\" sizes=\"auto, (max-width: 1024px) 100vw, 1024px\" \/><\/figure>\n\n\n\n<figure class=\"wp-block-image\"><img loading=\"lazy\" decoding=\"async\" width=\"1024\" height=\"683\" src=\"https:\/\/laultimapalabra.com.mx\/portal\/wp-content\/uploads\/2024\/03\/img-20240321-wa00594082151357204863822-1024x683.jpg\" alt=\"\" class=\"wp-image-55927\" srcset=\"https:\/\/laultimapalabra.com.mx\/portal\/wp-content\/uploads\/2024\/03\/img-20240321-wa00594082151357204863822-1024x683.jpg 1024w, https:\/\/laultimapalabra.com.mx\/portal\/wp-content\/uploads\/2024\/03\/img-20240321-wa00594082151357204863822-300x200.jpg 300w, https:\/\/laultimapalabra.com.mx\/portal\/wp-content\/uploads\/2024\/03\/img-20240321-wa00594082151357204863822-768x512.jpg 768w, https:\/\/laultimapalabra.com.mx\/portal\/wp-content\/uploads\/2024\/03\/img-20240321-wa00594082151357204863822-1536x1024.jpg 1536w, https:\/\/laultimapalabra.com.mx\/portal\/wp-content\/uploads\/2024\/03\/img-20240321-wa00594082151357204863822.jpg 1599w\" sizes=\"auto, (max-width: 1024px) 100vw, 1024px\" \/><\/figure>\n","protected":false},"excerpt":{"rendered":"<p>Ju\u00e1rez, N.L.Con diversas guardias de honor y ofrendas florales rindieron homenaje al Benem\u00e9rito de las Am\u00e9ricas, Benito Pablo Ju\u00e1rez Garc\u00eda, frente a su monumento, en la avenida Arturo B de la Garza y Julio Cisneros.Desde temprano hora de hoy, funcionarios del actual gobierno municipal de Ju\u00e1rez, adem\u00e1s de otras instituciones y grupos, conmemoraron el natalicio [&hellip;]<\/p>\n","protected":false},"author":9,"featured_media":55926,"comment_status":"closed","ping_status":"closed","sticky":false,"template":"","format":"standard","meta":{"footnotes":""},"categories":[1],"tags":[],"class_list":["post-55930","post","type-post","status-publish","format-standard","has-post-thumbnail","hentry","category-noticias"],"_links":{"self":[{"href":"https:\/\/laultimapalabra.com.mx\/portal\/wp-json\/wp\/v2\/posts\/55930","targetHints":{"allow":["GET"]}}],"collection":[{"href":"https:\/\/laultimapalabra.com.mx\/portal\/wp-json\/wp\/v2\/posts"}],"about":[{"href":"https:\/\/laultimapalabra.com.mx\/portal\/wp-json\/wp\/v2\/types\/post"}],"author":[{"embeddable":true,"href":"https:\/\/laultimapalabra.com.mx\/portal\/wp-json\/wp\/v2\/users\/9"}],"replies":[{"embeddable":true,"href":"https:\/\/laultimapalabra.com.mx\/portal\/wp-json\/wp\/v2\/comments?post=55930"}],"version-history":[{"count":1,"href":"https:\/\/laultimapalabra.com.mx\/portal\/wp-json\/wp\/v2\/posts\/55930\/revisions"}],"predecessor-version":[{"id":55931,"href":"https:\/\/laultimapalabra.com.mx\/portal\/wp-json\/wp\/v2\/posts\/55930\/revisions\/55931"}],"wp:featuredmedia":[{"embeddable":true,"href":"https:\/\/laultimapalabra.com.mx\/portal\/wp-json\/wp\/v2\/media\/55926"}],"wp:attachment":[{"href":"https:\/\/laultimapalabra.com.mx\/portal\/wp-json\/wp\/v2\/media?parent=55930"}],"wp:term":[{"taxonomy":"category","embeddable":true,"href":"https:\/\/laultimapalabra.com.mx\/portal\/wp-json\/wp\/v2\/categories?post=55930"},{"taxonomy":"post_tag","embeddable":true,"href":"https:\/\/laultimapalabra.com.mx\/portal\/wp-json\/wp\/v2\/tags?post=55930"}],"curies":[{"name":"wp","href":"https:\/\/api.w.org\/{rel}","templated":true}]}}