                       {"id":56050,"date":"2024-03-27T12:56:30","date_gmt":"2024-03-27T18:56:30","guid":{"rendered":"https:\/\/laultimapalabra.com.mx\/portal\/?p=56050"},"modified":"2024-03-27T12:57:17","modified_gmt":"2024-03-27T18:57:17","slug":"se-impacta-contra-automovilista","status":"publish","type":"post","link":"https:\/\/laultimapalabra.com.mx\/portal\/se-impacta-contra-automovilista\/","title":{"rendered":"Se impacta contra automovilista"},"content":{"rendered":"\n<p><br><br>Cadereyta Jim\u00e9nez, N.L.- La ma\u00f1ana de este mi\u00e9rcoles, un motociclista result\u00f3 con algunos golpes tras impactarse en la parte trasera de un autom\u00f3vil, donde el conductor iba saliendo de un negocio de helados, en el municipio de Cadereyta.<br>El percance se registr\u00f3 en la calle Morelos entre las <br>calles 5 de Mayo y Josefa Ortiz de Dom\u00ednguez en la zona centro de la ciudad.<br>El conductor del veh\u00edculo tipo Sentra en color negro iba saliendo de un negocio de helados, cuando un joven a bordo de una moto Vento 250 crossmax se impact\u00f3 por la parte trasera.<br>Afortunadamente el joven result\u00f3 s\u00f3lo con algunos golpes, por lo que se neg\u00f3 a ser trasladado hacia una cl\u00ednica por parte de&nbsp; param\u00e9dicos de Servicios de Emergencia.<br>Elementos de Vialidad y Tr\u00e1nsito arribaron al sitio para realizar las indagatorias correspondientes y deslindar responsabilidades.<\/p>\n","protected":false},"excerpt":{"rendered":"<p>Cadereyta Jim\u00e9nez, N.L.- La ma\u00f1ana de este mi\u00e9rcoles, un motociclista result\u00f3 con algunos golpes tras impactarse en la parte trasera de un autom\u00f3vil, donde el conductor iba saliendo de un negocio de helados, en el municipio de Cadereyta.El percance se registr\u00f3 en la calle Morelos entre las calles 5 de Mayo y Josefa Ortiz de [&hellip;]<\/p>\n","protected":false},"author":9,"featured_media":56049,"comment_status":"closed","ping_status":"closed","sticky":false,"template":"","format":"standard","meta":{"footnotes":""},"categories":[1],"tags":[9828,3840,5859],"class_list":["post-56050","post","type-post","status-publish","format-standard","has-post-thumbnail","hentry","category-noticias","tag-automovilista","tag-cadereyta-jimenez-nl","tag-ultimas-noticias"],"_links":{"self":[{"href":"https:\/\/laultimapalabra.com.mx\/portal\/wp-json\/wp\/v2\/posts\/56050","targetHints":{"allow":["GET"]}}],"collection":[{"href":"https:\/\/laultimapalabra.com.mx\/portal\/wp-json\/wp\/v2\/posts"}],"about":[{"href":"https:\/\/laultimapalabra.com.mx\/portal\/wp-json\/wp\/v2\/types\/post"}],"author":[{"embeddable":true,"href":"https:\/\/laultimapalabra.com.mx\/portal\/wp-json\/wp\/v2\/users\/9"}],"replies":[{"embeddable":true,"href":"https:\/\/laultimapalabra.com.mx\/portal\/wp-json\/wp\/v2\/comments?post=56050"}],"version-history":[{"count":1,"href":"https:\/\/laultimapalabra.com.mx\/portal\/wp-json\/wp\/v2\/posts\/56050\/revisions"}],"predecessor-version":[{"id":56051,"href":"https:\/\/laultimapalabra.com.mx\/portal\/wp-json\/wp\/v2\/posts\/56050\/revisions\/56051"}],"wp:featuredmedia":[{"embeddable":true,"href":"https:\/\/laultimapalabra.com.mx\/portal\/wp-json\/wp\/v2\/media\/56049"}],"wp:attachment":[{"href":"https:\/\/laultimapalabra.com.mx\/portal\/wp-json\/wp\/v2\/media?parent=56050"}],"wp:term":[{"taxonomy":"category","embeddable":true,"href":"https:\/\/laultimapalabra.com.mx\/portal\/wp-json\/wp\/v2\/categories?post=56050"},{"taxonomy":"post_tag","embeddable":true,"href":"https:\/\/laultimapalabra.com.mx\/portal\/wp-json\/wp\/v2\/tags?post=56050"}],"curies":[{"name":"wp","href":"https:\/\/api.w.org\/{rel}","templated":true}]}}