                       {"id":561,"date":"2018-03-02T01:10:17","date_gmt":"2018-03-02T01:10:17","guid":{"rendered":"http:\/\/laultimapalabra.info\/?p=561"},"modified":"2024-12-11T08:37:01","modified_gmt":"2024-12-11T14:37:01","slug":"quita-directora-cooperativa-a-apf","status":"publish","type":"post","link":"https:\/\/laultimapalabra.com.mx\/portal\/quita-directora-cooperativa-a-apf\/","title":{"rendered":"Quita directora cooperativa a APF"},"content":{"rendered":"<p style=\"text-align: justify;\"><img loading=\"lazy\" decoding=\"async\" class=\"size-medium wp-image-593 alignleft\" src=\"https:\/\/laultimapalabra.com.mx\/portal\/wp-content\/uploads\/2018\/03\/WhatsApp-Image-2018-03-01-at-18.59.02-169x300.jpeg\" alt=\"\" width=\"169\" height=\"300\" \/>*Por cuentas obscuras, concesionar\u00e1 la tienda escolar, ante disgusto de la Asociaci\u00f3n de Padres de Familia y del Supervisor<\/p>\n<p style=\"text-align: justify;\">Miguel Oscar P\u00e9rez<br \/>\nCADEREYTA JIM\u00c9NEZ, N.L.- La directora del turno matutino de la escuela primaria Justo Sierra, meti\u00f3 en cintura a la Asociaci\u00f3n de Padres de Familia y a aun inspector, debido a la obscura gesti\u00f3n con los recursos de la cooperativa escolar manejada por el comit\u00e9 y los extra\u00f1amente bajos ingresos registrados y las no muy claras cuentas del dinero recaudado.<br \/>\nLa ma\u00f1ana del pasado mi\u00e9rcoles 28 de febrero, la directora del plantel Sandra Medina, los integrantes de la Asociaci\u00f3n de Padres de Familia y el profesor No\u00e9 Pineda Narv\u00e1ez, supervisor, fueron llamados a la oficina Regional N\u00famero 8 de la Secretar\u00eda de Educaci\u00f3n.<br \/>\nEl tema eran los no muy claros manejos y bajos ingresos de la cooperativa, ordenando la directora de ese plantel la concesi\u00f3n de la cooperativa de la escuela, decisi\u00f3n que no gust\u00f3 ni al supervisor, ni al comit\u00e9 presidido por Susy Aid\u00e9 \u00c1vila, Sandra Ayala y Ana Victoria.<br \/>\n\u201cPor primera vez la directora se puso bien los pantalones y les anunci\u00f3 que se concesionaba la tienda escolar por las irregularidades hasta ahorita\u201d, dijo una madre de familia.<br \/>\nEn la reuni\u00f3n se dijo que no se ha hecho un solo dep\u00f3sito de ganancias como lo hac\u00eda el concesionario anterior, a pesar que son los mismos 800 alumnos y se reportan ventas irrisorias.\u201d<br \/>\nLa mayor\u00eda de los padres de familia aplaudieron la medida de la directora y seguir\u00e1n con la idea de pedir cuentas a sus representantes, para investigar si hay il\u00edcito en la gesti\u00f3n.<br \/>\nMencionaron que los libros de ingresos y egresos no coinciden y ser\u00e1n sometidos a investigaci\u00f3n para si al encontrar algunas irregularidades, exigir\u00e1n una auditor\u00eda<\/p>\n","protected":false},"excerpt":{"rendered":"<p>*Por cuentas obscuras, concesionar\u00e1 la tienda escolar, ante disgusto de la Asociaci\u00f3n de Padres de Familia y del Supervisor Miguel Oscar P\u00e9rez CADEREYTA JIM\u00c9NEZ, N.L.- La directora del turno matutino de la escuela primaria Justo Sierra, meti\u00f3 en cintura a la Asociaci\u00f3n de Padres de Familia y a aun inspector, debido a la obscura gesti\u00f3n [&hellip;]<\/p>\n","protected":false},"author":9,"featured_media":593,"comment_status":"open","ping_status":"closed","sticky":false,"template":"","format":"standard","meta":{"footnotes":""},"categories":[17],"tags":[1858],"class_list":["post-561","post","type-post","status-publish","format-standard","has-post-thumbnail","hentry","category-locales-cadereyta","tag-primaria-justo-sierra"],"_links":{"self":[{"href":"https:\/\/laultimapalabra.com.mx\/portal\/wp-json\/wp\/v2\/posts\/561","targetHints":{"allow":["GET"]}}],"collection":[{"href":"https:\/\/laultimapalabra.com.mx\/portal\/wp-json\/wp\/v2\/posts"}],"about":[{"href":"https:\/\/laultimapalabra.com.mx\/portal\/wp-json\/wp\/v2\/types\/post"}],"author":[{"embeddable":true,"href":"https:\/\/laultimapalabra.com.mx\/portal\/wp-json\/wp\/v2\/users\/9"}],"replies":[{"embeddable":true,"href":"https:\/\/laultimapalabra.com.mx\/portal\/wp-json\/wp\/v2\/comments?post=561"}],"version-history":[{"count":1,"href":"https:\/\/laultimapalabra.com.mx\/portal\/wp-json\/wp\/v2\/posts\/561\/revisions"}],"predecessor-version":[{"id":63365,"href":"https:\/\/laultimapalabra.com.mx\/portal\/wp-json\/wp\/v2\/posts\/561\/revisions\/63365"}],"wp:featuredmedia":[{"embeddable":true,"href":"https:\/\/laultimapalabra.com.mx\/portal\/wp-json\/"}],"wp:attachment":[{"href":"https:\/\/laultimapalabra.com.mx\/portal\/wp-json\/wp\/v2\/media?parent=561"}],"wp:term":[{"taxonomy":"category","embeddable":true,"href":"https:\/\/laultimapalabra.com.mx\/portal\/wp-json\/wp\/v2\/categories?post=561"},{"taxonomy":"post_tag","embeddable":true,"href":"https:\/\/laultimapalabra.com.mx\/portal\/wp-json\/wp\/v2\/tags?post=561"}],"curies":[{"name":"wp","href":"https:\/\/api.w.org\/{rel}","templated":true}]}}