                       {"id":56142,"date":"2024-04-02T12:17:46","date_gmt":"2024-04-02T18:17:46","guid":{"rendered":"https:\/\/laultimapalabra.com.mx\/portal\/?p=56142"},"modified":"2024-04-02T12:17:48","modified_gmt":"2024-04-02T18:17:48","slug":"tiroteo-en-escuela-de-finlandia-deja-un-nino-muerto-y-2-mas-heridos","status":"publish","type":"post","link":"https:\/\/laultimapalabra.com.mx\/portal\/tiroteo-en-escuela-de-finlandia-deja-un-nino-muerto-y-2-mas-heridos\/","title":{"rendered":"Tiroteo en escuela de Finlandia deja un ni\u00f1o muerto y 2 m\u00e1s heridos"},"content":{"rendered":"\n<p><br>Un ni\u00f1o de 12 a\u00f1os muri\u00f3 y otros dos resultaron gravemente heridos este martes cuando un compa\u00f1ero suyo abri\u00f3 fuego en una escuela primaria en las afueras de Helsinki, la capital de Finlandia, inform\u00f3 la polic\u00eda.<br>&#8220;Hoy, despu\u00e9s de las 09H00 (06H00 GMT), ocurri\u00f3 un tiroteo en una escuela (&#8230;) en el que muri\u00f3 un alumno de sexto grado de la escuela&#8221;, dijo en conferencia de prensa Ilkka Koskimaki, jefe policial de la zona. Agreg\u00f3 que otros dos menores estaban &#8220;gravemente heridos&#8221;.<br>El tiroteo tuvo lugar en una escuela primaria de la ciudad de Vantaa, que tiene unos 800 alumnos, repartidos en dos centros, de 7 a 15 a\u00f1os, seg\u00fan su p\u00e1gina web.<br>La polic\u00eda lleg\u00f3 al establecimiento poco despu\u00e9s del tiroteo y el sospechoso fue detenido una hora despu\u00e9s en Helsinki.<br>&#8220;El arresto se hizo en la calma. El sospechoso portaba un arma&#8221;, indic\u00f3 la polic\u00eda en su portal web.<br>Un video, difundido por el diario Iltalehti y presentado como el momento de la detenci\u00f3n del sospechoso, muestra a dos polic\u00edas sujetando a una persona tumbada boca abajo.<br>Los padres de los ni\u00f1os que asisten a la escuela declararon a los medios de comunicaci\u00f3n finlandeses que el tiroteo se hab\u00eda producido en un aula, y dijeron que hab\u00edan hablado con sus hijos por tel\u00e9fono.<br>Se mantuvo a los ni\u00f1os en las aulas y numerosos padres acudieron a la escuela, donde fueron atendidos por la polic\u00eda, seg\u00fan la televisi\u00f3n p\u00fablica Yle.<br>Se puso en marcha un gabinete de crisis con personal educativo y del Ayuntamiento, seg\u00fan medios finlandeses.<br>La ministra finlandesa del Interior, Mari Rantanen, dijo en un mensaje en la red social X que el d\u00eda hab\u00eda comenzado de una &#8220;manera espantosa&#8221;.<br>&#8220;S\u00f3lo puedo imaginar el dolor y la preocupaci\u00f3n que muchas familias est\u00e1n viviendo en este momento&#8221;, a\u00f1adi\u00f3.<br>FUENTE: EL UNIVERSAL <\/p>\n\n\n\n<p>Cr\u00e9ditos fotos: el universal <\/p>\n","protected":false},"excerpt":{"rendered":"<p>Un ni\u00f1o de 12 a\u00f1os muri\u00f3 y otros dos resultaron gravemente heridos este martes cuando un compa\u00f1ero suyo abri\u00f3 fuego en una escuela primaria en las afueras de Helsinki, la capital de Finlandia, inform\u00f3 la polic\u00eda.&#8220;Hoy, despu\u00e9s de las 09H00 (06H00 GMT), ocurri\u00f3 un tiroteo en una escuela (&#8230;) en el que muri\u00f3 un alumno [&hellip;]<\/p>\n","protected":false},"author":9,"featured_media":56141,"comment_status":"closed","ping_status":"closed","sticky":false,"template":"","format":"standard","meta":{"footnotes":""},"categories":[16],"tags":[12032,12031,4359,9914,2206,10411],"class_list":["post-56142","post","type-post","status-publish","format-standard","has-post-thumbnail","hentry","category-internacional","tag-escuelaprimaria","tag-finlandia","tag-heridos","tag-ninosmuertos","tag-tiroteo","tag-ultimasnoticias"],"_links":{"self":[{"href":"https:\/\/laultimapalabra.com.mx\/portal\/wp-json\/wp\/v2\/posts\/56142","targetHints":{"allow":["GET"]}}],"collection":[{"href":"https:\/\/laultimapalabra.com.mx\/portal\/wp-json\/wp\/v2\/posts"}],"about":[{"href":"https:\/\/laultimapalabra.com.mx\/portal\/wp-json\/wp\/v2\/types\/post"}],"author":[{"embeddable":true,"href":"https:\/\/laultimapalabra.com.mx\/portal\/wp-json\/wp\/v2\/users\/9"}],"replies":[{"embeddable":true,"href":"https:\/\/laultimapalabra.com.mx\/portal\/wp-json\/wp\/v2\/comments?post=56142"}],"version-history":[{"count":1,"href":"https:\/\/laultimapalabra.com.mx\/portal\/wp-json\/wp\/v2\/posts\/56142\/revisions"}],"predecessor-version":[{"id":56143,"href":"https:\/\/laultimapalabra.com.mx\/portal\/wp-json\/wp\/v2\/posts\/56142\/revisions\/56143"}],"wp:featuredmedia":[{"embeddable":true,"href":"https:\/\/laultimapalabra.com.mx\/portal\/wp-json\/wp\/v2\/media\/56141"}],"wp:attachment":[{"href":"https:\/\/laultimapalabra.com.mx\/portal\/wp-json\/wp\/v2\/media?parent=56142"}],"wp:term":[{"taxonomy":"category","embeddable":true,"href":"https:\/\/laultimapalabra.com.mx\/portal\/wp-json\/wp\/v2\/categories?post=56142"},{"taxonomy":"post_tag","embeddable":true,"href":"https:\/\/laultimapalabra.com.mx\/portal\/wp-json\/wp\/v2\/tags?post=56142"}],"curies":[{"name":"wp","href":"https:\/\/api.w.org\/{rel}","templated":true}]}}