                       {"id":56168,"date":"2024-04-02T14:43:32","date_gmt":"2024-04-02T20:43:32","guid":{"rendered":"https:\/\/laultimapalabra.com.mx\/portal\/?p=56168"},"modified":"2024-04-02T14:43:43","modified_gmt":"2024-04-02T20:43:43","slug":"recorre-paco-trevino-la-colonia-monteverde","status":"publish","type":"post","link":"https:\/\/laultimapalabra.com.mx\/portal\/recorre-paco-trevino-la-colonia-monteverde\/","title":{"rendered":"Recorre Paco Trevi\u00f1o la colonia Monteverde"},"content":{"rendered":"\n<p><br>Ju\u00e1rez, N.L.<br>En su tercer d\u00eda de campa\u00f1a, el candidato a la reelecci\u00f3n por la alcald\u00eda de Ju\u00e1rez, Paco Trevi\u00f1o,&nbsp; realiz\u00f3 una visita a la colonia Monteverde.<br>El abanderado por la coalici\u00f3n PRI,&nbsp; PAN y PRD, recorri\u00f3 las calles con&nbsp; su avanzada de campa\u00f1a, saludando a los vecinos, a los que agradeci\u00f3 su apoyo.<br>Paco Trevi\u00f1o present\u00f3 a los habitantes de esa zona sus propuestas de campa\u00f1a y recibi\u00f3 adem\u00e1s sugerencias para mejorar la colonia Monteverde.<\/p>\n\n\n\n<figure class=\"wp-block-image size-large\"><img loading=\"lazy\" decoding=\"async\" width=\"1024\" height=\"682\" src=\"https:\/\/laultimapalabra.com.mx\/portal\/wp-content\/uploads\/2024\/04\/img-20240402-wa00228798879395491191103-1024x682.jpg\" alt=\"\" class=\"wp-image-56166\" srcset=\"https:\/\/laultimapalabra.com.mx\/portal\/wp-content\/uploads\/2024\/04\/img-20240402-wa00228798879395491191103-1024x682.jpg 1024w, https:\/\/laultimapalabra.com.mx\/portal\/wp-content\/uploads\/2024\/04\/img-20240402-wa00228798879395491191103-300x200.jpg 300w, https:\/\/laultimapalabra.com.mx\/portal\/wp-content\/uploads\/2024\/04\/img-20240402-wa00228798879395491191103-768x511.jpg 768w, https:\/\/laultimapalabra.com.mx\/portal\/wp-content\/uploads\/2024\/04\/img-20240402-wa00228798879395491191103.jpg 1080w\" sizes=\"auto, (max-width: 1024px) 100vw, 1024px\" \/><\/figure>\n\n\n\n<figure class=\"wp-block-image\"><img loading=\"lazy\" decoding=\"async\" width=\"1024\" height=\"682\" src=\"https:\/\/laultimapalabra.com.mx\/portal\/wp-content\/uploads\/2024\/04\/img-20240402-wa00235846474237359437613-1024x682.jpg\" alt=\"\" class=\"wp-image-56165\" srcset=\"https:\/\/laultimapalabra.com.mx\/portal\/wp-content\/uploads\/2024\/04\/img-20240402-wa00235846474237359437613-1024x682.jpg 1024w, https:\/\/laultimapalabra.com.mx\/portal\/wp-content\/uploads\/2024\/04\/img-20240402-wa00235846474237359437613-300x200.jpg 300w, https:\/\/laultimapalabra.com.mx\/portal\/wp-content\/uploads\/2024\/04\/img-20240402-wa00235846474237359437613-768x511.jpg 768w, https:\/\/laultimapalabra.com.mx\/portal\/wp-content\/uploads\/2024\/04\/img-20240402-wa00235846474237359437613.jpg 1080w\" sizes=\"auto, (max-width: 1024px) 100vw, 1024px\" \/><\/figure>\n\n\n\n<figure class=\"wp-block-image\"><img loading=\"lazy\" decoding=\"async\" width=\"1024\" height=\"682\" src=\"https:\/\/laultimapalabra.com.mx\/portal\/wp-content\/uploads\/2024\/04\/img-20240402-wa00242566650728931273368-1024x682.jpg\" alt=\"\" class=\"wp-image-56167\" srcset=\"https:\/\/laultimapalabra.com.mx\/portal\/wp-content\/uploads\/2024\/04\/img-20240402-wa00242566650728931273368-1024x682.jpg 1024w, https:\/\/laultimapalabra.com.mx\/portal\/wp-content\/uploads\/2024\/04\/img-20240402-wa00242566650728931273368-300x200.jpg 300w, https:\/\/laultimapalabra.com.mx\/portal\/wp-content\/uploads\/2024\/04\/img-20240402-wa00242566650728931273368-768x511.jpg 768w, https:\/\/laultimapalabra.com.mx\/portal\/wp-content\/uploads\/2024\/04\/img-20240402-wa00242566650728931273368.jpg 1080w\" sizes=\"auto, (max-width: 1024px) 100vw, 1024px\" \/><\/figure>\n","protected":false},"excerpt":{"rendered":"<p>Ju\u00e1rez, N.L.En su tercer d\u00eda de campa\u00f1a, el candidato a la reelecci\u00f3n por la alcald\u00eda de Ju\u00e1rez, Paco Trevi\u00f1o,&nbsp; realiz\u00f3 una visita a la colonia Monteverde.El abanderado por la coalici\u00f3n PRI,&nbsp; PAN y PRD, recorri\u00f3 las calles con&nbsp; su avanzada de campa\u00f1a, saludando a los vecinos, a los que agradeci\u00f3 su apoyo.Paco Trevi\u00f1o present\u00f3 a [&hellip;]<\/p>\n","protected":false},"author":9,"featured_media":56164,"comment_status":"closed","ping_status":"closed","sticky":false,"template":"","format":"standard","meta":{"footnotes":""},"categories":[18],"tags":[3590,11862,5859],"class_list":["post-56168","post","type-post","status-publish","format-standard","has-post-thumbnail","hentry","category-locales-juarez","tag-juarez-nl","tag-pacotrevino","tag-ultimas-noticias"],"_links":{"self":[{"href":"https:\/\/laultimapalabra.com.mx\/portal\/wp-json\/wp\/v2\/posts\/56168","targetHints":{"allow":["GET"]}}],"collection":[{"href":"https:\/\/laultimapalabra.com.mx\/portal\/wp-json\/wp\/v2\/posts"}],"about":[{"href":"https:\/\/laultimapalabra.com.mx\/portal\/wp-json\/wp\/v2\/types\/post"}],"author":[{"embeddable":true,"href":"https:\/\/laultimapalabra.com.mx\/portal\/wp-json\/wp\/v2\/users\/9"}],"replies":[{"embeddable":true,"href":"https:\/\/laultimapalabra.com.mx\/portal\/wp-json\/wp\/v2\/comments?post=56168"}],"version-history":[{"count":1,"href":"https:\/\/laultimapalabra.com.mx\/portal\/wp-json\/wp\/v2\/posts\/56168\/revisions"}],"predecessor-version":[{"id":56169,"href":"https:\/\/laultimapalabra.com.mx\/portal\/wp-json\/wp\/v2\/posts\/56168\/revisions\/56169"}],"wp:featuredmedia":[{"embeddable":true,"href":"https:\/\/laultimapalabra.com.mx\/portal\/wp-json\/wp\/v2\/media\/56164"}],"wp:attachment":[{"href":"https:\/\/laultimapalabra.com.mx\/portal\/wp-json\/wp\/v2\/media?parent=56168"}],"wp:term":[{"taxonomy":"category","embeddable":true,"href":"https:\/\/laultimapalabra.com.mx\/portal\/wp-json\/wp\/v2\/categories?post=56168"},{"taxonomy":"post_tag","embeddable":true,"href":"https:\/\/laultimapalabra.com.mx\/portal\/wp-json\/wp\/v2\/tags?post=56168"}],"curies":[{"name":"wp","href":"https:\/\/api.w.org\/{rel}","templated":true}]}}