                       {"id":56217,"date":"2024-04-03T14:53:37","date_gmt":"2024-04-03T20:53:37","guid":{"rendered":"https:\/\/laultimapalabra.com.mx\/portal\/?p=56217"},"modified":"2024-04-03T14:53:40","modified_gmt":"2024-04-03T20:53:40","slug":"recorre-paco-trevino-la-colonia-real-de-san-jose","status":"publish","type":"post","link":"https:\/\/laultimapalabra.com.mx\/portal\/recorre-paco-trevino-la-colonia-real-de-san-jose\/","title":{"rendered":"Recorre Paco Trevi\u00f1o la colonia Real de San Jos\u00e9"},"content":{"rendered":"\n<p><br>Ju\u00e1rez, N L.<br>Un amplio sector de la colonia Real de San Jos\u00e9, fue recorrido por el candidato del PRI&nbsp; PAN, PRD la tarde de hoy.<br>El candidato fue acompa\u00f1ado por Julio Cant\u00fa,&nbsp; candidato a la diputaci\u00f3n por el distrito 23 local y por Everardo Benavides,&nbsp; candidato a la diputaci\u00f3n por el distrito 12 federal,&nbsp; quienes escucharon a los vecinos y las diferentes problem\u00e1ticas del sector.<br>El candidato a la reelecci\u00f3n por la alcald\u00eda de Ju\u00e1rez, entreg\u00f3 sus propuestas a los habitantes de esa populosa colonia.<\/p>\n\n\n\n<figure class=\"wp-block-image size-large\"><img loading=\"lazy\" decoding=\"async\" width=\"1024\" height=\"768\" src=\"https:\/\/laultimapalabra.com.mx\/portal\/wp-content\/uploads\/2024\/04\/img-20240403-wa00235453098894847692137-1024x768.jpg\" alt=\"\" class=\"wp-image-56216\" srcset=\"https:\/\/laultimapalabra.com.mx\/portal\/wp-content\/uploads\/2024\/04\/img-20240403-wa00235453098894847692137-1024x768.jpg 1024w, https:\/\/laultimapalabra.com.mx\/portal\/wp-content\/uploads\/2024\/04\/img-20240403-wa00235453098894847692137-300x225.jpg 300w, https:\/\/laultimapalabra.com.mx\/portal\/wp-content\/uploads\/2024\/04\/img-20240403-wa00235453098894847692137-768x576.jpg 768w, https:\/\/laultimapalabra.com.mx\/portal\/wp-content\/uploads\/2024\/04\/img-20240403-wa00235453098894847692137-1536x1152.jpg 1536w, https:\/\/laultimapalabra.com.mx\/portal\/wp-content\/uploads\/2024\/04\/img-20240403-wa00235453098894847692137.jpg 1600w\" sizes=\"auto, (max-width: 1024px) 100vw, 1024px\" \/><\/figure>\n\n\n\n<figure class=\"wp-block-image\"><img loading=\"lazy\" decoding=\"async\" width=\"1024\" height=\"768\" src=\"https:\/\/laultimapalabra.com.mx\/portal\/wp-content\/uploads\/2024\/04\/img-20240403-wa0029732778917876204555-1024x768.jpg\" alt=\"\" class=\"wp-image-56215\" srcset=\"https:\/\/laultimapalabra.com.mx\/portal\/wp-content\/uploads\/2024\/04\/img-20240403-wa0029732778917876204555-1024x768.jpg 1024w, https:\/\/laultimapalabra.com.mx\/portal\/wp-content\/uploads\/2024\/04\/img-20240403-wa0029732778917876204555-300x225.jpg 300w, https:\/\/laultimapalabra.com.mx\/portal\/wp-content\/uploads\/2024\/04\/img-20240403-wa0029732778917876204555-768x576.jpg 768w, https:\/\/laultimapalabra.com.mx\/portal\/wp-content\/uploads\/2024\/04\/img-20240403-wa0029732778917876204555-1536x1152.jpg 1536w, https:\/\/laultimapalabra.com.mx\/portal\/wp-content\/uploads\/2024\/04\/img-20240403-wa0029732778917876204555.jpg 1600w\" sizes=\"auto, (max-width: 1024px) 100vw, 1024px\" \/><\/figure>\n","protected":false},"excerpt":{"rendered":"<p>Ju\u00e1rez, N L.Un amplio sector de la colonia Real de San Jos\u00e9, fue recorrido por el candidato del PRI&nbsp; PAN, PRD la tarde de hoy.El candidato fue acompa\u00f1ado por Julio Cant\u00fa,&nbsp; candidato a la diputaci\u00f3n por el distrito 23 local y por Everardo Benavides,&nbsp; candidato a la diputaci\u00f3n por el distrito 12 federal,&nbsp; quienes escucharon [&hellip;]<\/p>\n","protected":false},"author":9,"featured_media":56214,"comment_status":"closed","ping_status":"closed","sticky":false,"template":"","format":"standard","meta":{"footnotes":""},"categories":[1],"tags":[3590,11862,12036,5859],"class_list":["post-56217","post","type-post","status-publish","format-standard","has-post-thumbnail","hentry","category-noticias","tag-juarez-nl","tag-pacotrevino","tag-recorrido","tag-ultimas-noticias"],"_links":{"self":[{"href":"https:\/\/laultimapalabra.com.mx\/portal\/wp-json\/wp\/v2\/posts\/56217","targetHints":{"allow":["GET"]}}],"collection":[{"href":"https:\/\/laultimapalabra.com.mx\/portal\/wp-json\/wp\/v2\/posts"}],"about":[{"href":"https:\/\/laultimapalabra.com.mx\/portal\/wp-json\/wp\/v2\/types\/post"}],"author":[{"embeddable":true,"href":"https:\/\/laultimapalabra.com.mx\/portal\/wp-json\/wp\/v2\/users\/9"}],"replies":[{"embeddable":true,"href":"https:\/\/laultimapalabra.com.mx\/portal\/wp-json\/wp\/v2\/comments?post=56217"}],"version-history":[{"count":1,"href":"https:\/\/laultimapalabra.com.mx\/portal\/wp-json\/wp\/v2\/posts\/56217\/revisions"}],"predecessor-version":[{"id":56218,"href":"https:\/\/laultimapalabra.com.mx\/portal\/wp-json\/wp\/v2\/posts\/56217\/revisions\/56218"}],"wp:featuredmedia":[{"embeddable":true,"href":"https:\/\/laultimapalabra.com.mx\/portal\/wp-json\/wp\/v2\/media\/56214"}],"wp:attachment":[{"href":"https:\/\/laultimapalabra.com.mx\/portal\/wp-json\/wp\/v2\/media?parent=56217"}],"wp:term":[{"taxonomy":"category","embeddable":true,"href":"https:\/\/laultimapalabra.com.mx\/portal\/wp-json\/wp\/v2\/categories?post=56217"},{"taxonomy":"post_tag","embeddable":true,"href":"https:\/\/laultimapalabra.com.mx\/portal\/wp-json\/wp\/v2\/tags?post=56217"}],"curies":[{"name":"wp","href":"https:\/\/api.w.org\/{rel}","templated":true}]}}