                       {"id":56327,"date":"2024-04-06T11:43:28","date_gmt":"2024-04-06T17:43:28","guid":{"rendered":"https:\/\/laultimapalabra.com.mx\/portal\/?p=56327"},"modified":"2024-04-06T11:43:39","modified_gmt":"2024-04-06T17:43:39","slug":"resulta-motociclista-juarense-lesionado-en-choque-en-cadereyta","status":"publish","type":"post","link":"https:\/\/laultimapalabra.com.mx\/portal\/resulta-motociclista-juarense-lesionado-en-choque-en-cadereyta\/","title":{"rendered":"Resulta motociclista juarense lesionado en choque en Cadereyta"},"content":{"rendered":"\n<p><\/p>\n\n\n\n<p><br><br>Cadereyta Jim\u00e9nez, N.L.- Un joven motociclista result\u00f3 gravemente lesionado la tarde de ayer, en el municipio de Cadereyta. <br>Los hechos se dieron sobre el Libramiento Alfonso Mart\u00ednez Dom\u00ednguez en su cruce con la calle Santa Cruz a la altura de la colonia Santa Luc\u00eda. <br>La conductora identificada como Frida quien es la presunta responsable, viajaba en su auto Marca Chevrolet Tipo<br>Aveo con placas de circulaci\u00f3n RVR011A del estado de Nuevo Le\u00f3n, cuando al tratar de ingresar a Santa Luc\u00eda, impact\u00f3 de frente a un motociclista. <br>El lesionado identificado como Gael de 17 a\u00f1os de edad y quien es residente del municipio de Ju\u00e1rez, tripulaba una motocicleta Marca Italika Tipo<br>Ft200 en modelo<br>2024 que no portaba placas. <br>Param\u00e9dicos de Servicios Servicios de Emergencia trasladaron a la cl\u00ednica Valle ubicada en este mismo municipio al lesionado, quien presentaba una fractura expuesta en una de sus piernas, para su atenci\u00f3n m\u00e9dica.<br>Agentes viales abanderaron la zona mientras se prestaba el auxilio al lesionado, asimismo comenzaron las labores correspondientes.<\/p>\n\n\n\n<figure class=\"wp-block-image size-large\"><img loading=\"lazy\" decoding=\"async\" width=\"768\" height=\"1024\" src=\"https:\/\/laultimapalabra.com.mx\/portal\/wp-content\/uploads\/2024\/04\/img-20240406-wa00031125997519203705609-768x1024.jpg\" alt=\"\" class=\"wp-image-56326\" srcset=\"https:\/\/laultimapalabra.com.mx\/portal\/wp-content\/uploads\/2024\/04\/img-20240406-wa00031125997519203705609-768x1023.jpg 768w, https:\/\/laultimapalabra.com.mx\/portal\/wp-content\/uploads\/2024\/04\/img-20240406-wa00031125997519203705609-225x300.jpg 225w, https:\/\/laultimapalabra.com.mx\/portal\/wp-content\/uploads\/2024\/04\/img-20240406-wa00031125997519203705609-1153x1536.jpg 1153w, https:\/\/laultimapalabra.com.mx\/portal\/wp-content\/uploads\/2024\/04\/img-20240406-wa00031125997519203705609.jpg 1200w\" sizes=\"auto, (max-width: 768px) 100vw, 768px\" \/><\/figure>\n\n\n\n<figure class=\"wp-block-image\"><img loading=\"lazy\" decoding=\"async\" width=\"768\" height=\"1024\" src=\"https:\/\/laultimapalabra.com.mx\/portal\/wp-content\/uploads\/2024\/04\/img-20240406-wa00083665556596135918093-768x1024.jpg\" alt=\"\" class=\"wp-image-56325\" srcset=\"https:\/\/laultimapalabra.com.mx\/portal\/wp-content\/uploads\/2024\/04\/img-20240406-wa00083665556596135918093-768x1024.jpg 768w, https:\/\/laultimapalabra.com.mx\/portal\/wp-content\/uploads\/2024\/04\/img-20240406-wa00083665556596135918093-225x300.jpg 225w, https:\/\/laultimapalabra.com.mx\/portal\/wp-content\/uploads\/2024\/04\/img-20240406-wa00083665556596135918093.jpg 960w\" sizes=\"auto, (max-width: 768px) 100vw, 768px\" \/><\/figure>\n","protected":false},"excerpt":{"rendered":"<p>Cadereyta Jim\u00e9nez, N.L.- Un joven motociclista result\u00f3 gravemente lesionado la tarde de ayer, en el municipio de Cadereyta. Los hechos se dieron sobre el Libramiento Alfonso Mart\u00ednez Dom\u00ednguez en su cruce con la calle Santa Cruz a la altura de la colonia Santa Luc\u00eda. La conductora identificada como Frida quien es la presunta responsable, viajaba [&hellip;]<\/p>\n","protected":false},"author":9,"featured_media":56324,"comment_status":"closed","ping_status":"closed","sticky":false,"template":"","format":"standard","meta":{"footnotes":""},"categories":[1],"tags":[3840,5128,5859],"class_list":["post-56327","post","type-post","status-publish","format-standard","has-post-thumbnail","hentry","category-noticias","tag-cadereyta-jimenez-nl","tag-lesionado","tag-ultimas-noticias"],"_links":{"self":[{"href":"https:\/\/laultimapalabra.com.mx\/portal\/wp-json\/wp\/v2\/posts\/56327","targetHints":{"allow":["GET"]}}],"collection":[{"href":"https:\/\/laultimapalabra.com.mx\/portal\/wp-json\/wp\/v2\/posts"}],"about":[{"href":"https:\/\/laultimapalabra.com.mx\/portal\/wp-json\/wp\/v2\/types\/post"}],"author":[{"embeddable":true,"href":"https:\/\/laultimapalabra.com.mx\/portal\/wp-json\/wp\/v2\/users\/9"}],"replies":[{"embeddable":true,"href":"https:\/\/laultimapalabra.com.mx\/portal\/wp-json\/wp\/v2\/comments?post=56327"}],"version-history":[{"count":1,"href":"https:\/\/laultimapalabra.com.mx\/portal\/wp-json\/wp\/v2\/posts\/56327\/revisions"}],"predecessor-version":[{"id":56328,"href":"https:\/\/laultimapalabra.com.mx\/portal\/wp-json\/wp\/v2\/posts\/56327\/revisions\/56328"}],"wp:featuredmedia":[{"embeddable":true,"href":"https:\/\/laultimapalabra.com.mx\/portal\/wp-json\/wp\/v2\/media\/56324"}],"wp:attachment":[{"href":"https:\/\/laultimapalabra.com.mx\/portal\/wp-json\/wp\/v2\/media?parent=56327"}],"wp:term":[{"taxonomy":"category","embeddable":true,"href":"https:\/\/laultimapalabra.com.mx\/portal\/wp-json\/wp\/v2\/categories?post=56327"},{"taxonomy":"post_tag","embeddable":true,"href":"https:\/\/laultimapalabra.com.mx\/portal\/wp-json\/wp\/v2\/tags?post=56327"}],"curies":[{"name":"wp","href":"https:\/\/api.w.org\/{rel}","templated":true}]}}