                       {"id":56376,"date":"2024-04-09T13:47:47","date_gmt":"2024-04-09T19:47:47","guid":{"rendered":"https:\/\/laultimapalabra.com.mx\/portal\/?p=56376"},"modified":"2024-04-09T13:47:50","modified_gmt":"2024-04-09T19:47:50","slug":"se-tambalea-candidatura-de-cecy-cantu","status":"publish","type":"post","link":"https:\/\/laultimapalabra.com.mx\/portal\/se-tambalea-candidatura-de-cecy-cantu\/","title":{"rendered":"Se tambalea candidatura de Cecy Cant\u00fa"},"content":{"rendered":"\n<p><br><br>Cadereyta Jim\u00e9nez, N.L.- La candidatura de Cecilia Cant\u00fa, quien ser\u00eda la persona que llevar\u00eda la bandera de Morena en Cadereyta, se encuentra en riesgo debido a que el Instituto Estatal Electoral y de Participaci\u00f3n Ciudadana de Nuevo Le\u00f3n, cancel\u00f3 su planilla debido a que se incumplieron algunos lineamientos de registro.<br>El documento muestra la falta de documentos de algunos candidatos a regidores y s\u00edndicos, por lo que se dio la cancelaci\u00f3n de la candidatura.<br>Sin embargo, Cecy Cant\u00fa pidi\u00f3 en sus redes sociales que se haga una oraci\u00f3n para que se haga justicia y se solucione el problema por el que esta pasando, asi mismo menciona que no es justo que por errores de otros y por intereses personales de unos cuantos, lo este pagando ella y su equipo de trabajo.<br>Ser\u00e1 en pr\u00f3ximas horas o d\u00edas en los que probablemente se de un veredicto de parte del Instituto Electoral, ante la apelaci\u00f3n que probablemente envi\u00f3 Cecy Cant\u00fa.<\/p>\n\n\n\n<figure class=\"wp-block-image size-large\"><img loading=\"lazy\" decoding=\"async\" width=\"848\" height=\"1024\" src=\"https:\/\/laultimapalabra.com.mx\/portal\/wp-content\/uploads\/2024\/04\/img-20240409-wa00133125628963806486926-848x1024.jpg\" alt=\"\" class=\"wp-image-56375\" srcset=\"https:\/\/laultimapalabra.com.mx\/portal\/wp-content\/uploads\/2024\/04\/img-20240409-wa00133125628963806486926-848x1024.jpg 848w, https:\/\/laultimapalabra.com.mx\/portal\/wp-content\/uploads\/2024\/04\/img-20240409-wa00133125628963806486926-248x300.jpg 248w, https:\/\/laultimapalabra.com.mx\/portal\/wp-content\/uploads\/2024\/04\/img-20240409-wa00133125628963806486926-768x927.jpg 768w, https:\/\/laultimapalabra.com.mx\/portal\/wp-content\/uploads\/2024\/04\/img-20240409-wa00133125628963806486926.jpg 1060w\" sizes=\"auto, (max-width: 848px) 100vw, 848px\" \/><\/figure>\n\n\n\n<figure class=\"wp-block-image\"><img loading=\"lazy\" decoding=\"async\" width=\"658\" height=\"1024\" src=\"https:\/\/laultimapalabra.com.mx\/portal\/wp-content\/uploads\/2024\/04\/img-20240409-wa00126659748828381611522-658x1024.jpg\" alt=\"\" class=\"wp-image-56374\" srcset=\"https:\/\/laultimapalabra.com.mx\/portal\/wp-content\/uploads\/2024\/04\/img-20240409-wa00126659748828381611522-658x1024.jpg 658w, https:\/\/laultimapalabra.com.mx\/portal\/wp-content\/uploads\/2024\/04\/img-20240409-wa00126659748828381611522-193x300.jpg 193w, https:\/\/laultimapalabra.com.mx\/portal\/wp-content\/uploads\/2024\/04\/img-20240409-wa00126659748828381611522-768x1195.jpg 768w, https:\/\/laultimapalabra.com.mx\/portal\/wp-content\/uploads\/2024\/04\/img-20240409-wa00126659748828381611522-987x1536.jpg 987w, https:\/\/laultimapalabra.com.mx\/portal\/wp-content\/uploads\/2024\/04\/img-20240409-wa00126659748828381611522.jpg 1028w\" sizes=\"auto, (max-width: 658px) 100vw, 658px\" \/><\/figure>\n","protected":false},"excerpt":{"rendered":"<p>Cadereyta Jim\u00e9nez, N.L.- La candidatura de Cecilia Cant\u00fa, quien ser\u00eda la persona que llevar\u00eda la bandera de Morena en Cadereyta, se encuentra en riesgo debido a que el Instituto Estatal Electoral y de Participaci\u00f3n Ciudadana de Nuevo Le\u00f3n, cancel\u00f3 su planilla debido a que se incumplieron algunos lineamientos de registro.El documento muestra la falta de [&hellip;]<\/p>\n","protected":false},"author":9,"featured_media":56373,"comment_status":"closed","ping_status":"closed","sticky":false,"template":"","format":"standard","meta":{"footnotes":""},"categories":[17],"tags":[3840,511,5859],"class_list":["post-56376","post","type-post","status-publish","format-standard","has-post-thumbnail","hentry","category-locales-cadereyta","tag-cadereyta-jimenez-nl","tag-cecy-cantu","tag-ultimas-noticias"],"_links":{"self":[{"href":"https:\/\/laultimapalabra.com.mx\/portal\/wp-json\/wp\/v2\/posts\/56376","targetHints":{"allow":["GET"]}}],"collection":[{"href":"https:\/\/laultimapalabra.com.mx\/portal\/wp-json\/wp\/v2\/posts"}],"about":[{"href":"https:\/\/laultimapalabra.com.mx\/portal\/wp-json\/wp\/v2\/types\/post"}],"author":[{"embeddable":true,"href":"https:\/\/laultimapalabra.com.mx\/portal\/wp-json\/wp\/v2\/users\/9"}],"replies":[{"embeddable":true,"href":"https:\/\/laultimapalabra.com.mx\/portal\/wp-json\/wp\/v2\/comments?post=56376"}],"version-history":[{"count":1,"href":"https:\/\/laultimapalabra.com.mx\/portal\/wp-json\/wp\/v2\/posts\/56376\/revisions"}],"predecessor-version":[{"id":56377,"href":"https:\/\/laultimapalabra.com.mx\/portal\/wp-json\/wp\/v2\/posts\/56376\/revisions\/56377"}],"wp:featuredmedia":[{"embeddable":true,"href":"https:\/\/laultimapalabra.com.mx\/portal\/wp-json\/wp\/v2\/media\/56373"}],"wp:attachment":[{"href":"https:\/\/laultimapalabra.com.mx\/portal\/wp-json\/wp\/v2\/media?parent=56376"}],"wp:term":[{"taxonomy":"category","embeddable":true,"href":"https:\/\/laultimapalabra.com.mx\/portal\/wp-json\/wp\/v2\/categories?post=56376"},{"taxonomy":"post_tag","embeddable":true,"href":"https:\/\/laultimapalabra.com.mx\/portal\/wp-json\/wp\/v2\/tags?post=56376"}],"curies":[{"name":"wp","href":"https:\/\/api.w.org\/{rel}","templated":true}]}}