                       {"id":5643,"date":"2019-01-18T01:23:46","date_gmt":"2019-01-18T01:23:46","guid":{"rendered":"http:\/\/laultimapalabra.info\/?p=5643"},"modified":"2024-12-11T08:53:33","modified_gmt":"2024-12-11T14:53:33","slug":"los-reyes-magos-un-misterio-por-resolver","status":"publish","type":"post","link":"https:\/\/laultimapalabra.com.mx\/portal\/los-reyes-magos-un-misterio-por-resolver\/","title":{"rendered":"Los Reyes Magos\u2026 Un misterio por resolver"},"content":{"rendered":"<p style=\"text-align: justify;\"><img loading=\"lazy\" decoding=\"async\" class=\"size-medium wp-image-5645 alignright\" src=\"https:\/\/laultimapalabra.com.mx\/portal\/wp-content\/uploads\/2019\/01\/reyes-magos-300x213.jpg\" alt=\"\" width=\"300\" height=\"213\" \/>Por: Dr. Jos\u00e9 Ascenci\u00f3n Tijerina Flores<\/p>\n<p style=\"text-align: justify;\">A unos cuantos d\u00edas de la celebraci\u00f3n del D\u00eda de Reyes donde tuvimos: Alegr\u00eda, jolgorios, festejo, roscas de pan y monitos, aun en nuestros d\u00edas persisten algunas dudas mencionadas por expertos en la materia, por lo que hoy nos ocuparemos de relatar algunos escritos de historiadores, cronistas y pensadores acerca de este hecho.<\/p>\n<p style=\"text-align: justify;\">La poca informaci\u00f3n que San Mateo dej\u00f3 sobre \u201cLos magos de Oriente\u201d permiti\u00f3 con la integraci\u00f3n de pistas regadas por la historia, construir una historia \u2013 tradici\u00f3n que a m\u00e1s de 2,000 a\u00f1os despu\u00e9s a\u00fan no puede responder a todas las dudas.<br \/>\n\u00bfFueron tres?, \u00bfFueron magos quienes adoraron al ni\u00f1o reci\u00e9n nacido en Bel\u00e9n?, \u00bfQu\u00e9 tipo de estrella los guio de donde eran originarios?, \u00bfCu\u00e1les eran sus nombres?<br \/>\nLa Teolog\u00eda Cat\u00f3lica ha recurrido a fuentes de los Evangelios Ap\u00f3crifos.<br \/>\nEscrito 80 a\u00f1os despu\u00e9s del nacimiento de Cristo y 47 a\u00f1os despu\u00e9s de su crucifixi\u00f3n, el Evangelio de San Mateo es el \u00fanico texto can\u00f3nico, es decir, reconocido por el vaticano que relata la adoraci\u00f3n.<br \/>\n\u201cUnos magos de oriente se presentaron en Jerusal\u00e9n preguntando: \u00bfD\u00f3nde est\u00e1 ese Rey de los Jud\u00edos que ha nacido?, porque hemos visto salir su estrella y venimos a rendirle homenaje\u201d redact\u00f3 el Santo que conoci\u00f3 personalmente a Jes\u00fas (Mateo).<br \/>\nRa\u00fal Mena Serfret, especialista en Patrolog\u00eda, rama de la Teolog\u00eda que estudia a los Santos Padres y adem\u00e1s analista de los textos sagrados, explica de la repercusi\u00f3n que han tenido esos libros en la piedad y el arte cristianos.<br \/>\n\u201cDe ellos provienen los nombres de Joaqu\u00edn y Ana, padres de Mar\u00eda, adem\u00e1s cita Mena el Manual de Patrolog\u00eda\u201d de Habertus R. Drower.<br \/>\nAh\u00ed detalla los nombres que hoy se conocen y que adem\u00e1s aparecen en un mosaico bizantino del siglo VI en Ravena Italia. El primero era Melkon, Rey de los Persas, el segundo Gaspar, Rey de los Indios y el tercero Baltazar Rey de los \u00c1rabes seg\u00fan el texto del siglo VI. Pero los jefes de sus ej\u00e9rcitos eran doce, las tropas de caballer\u00eda que los acompa\u00f1aban sumaban 12,000 hombres, 4,000 por cada Reino, sin embargo, el escritor Alem\u00e1n Edzard Sharper habla de un cuarto Rey en su novela de ese nombre escrita en 1961.<br \/>\nLos colores de la piel de ellos aparece hasta el Siglo VIII difundidos por el Monje Benedicto Beda \u201cEl Venerable\u201d en uno de sus c\u00f3dices quien los consider\u00f3 representantes de los Continentes de entonces: Europa, Asia y \u00c1frica.<br \/>\nMelchor, un anciano de blanca y larga cabellera entreg\u00f3 el oro al ni\u00f1o como s\u00edmbolo de la realeza divina, Gaspar joven de tez blanca y rosada honr\u00f3 a Jes\u00fas ofreci\u00e9ndole el incienso, s\u00edmbolo de la divinidad, Baltazar, de tez morena le ofreci\u00f3 \u201cMirra\u201d (Ceniza utilizada para embalsamar a los muertos en aquella \u00e9poca) que significaba que el hijo del hombre deb\u00eda morir.<br \/>\nSeg\u00fan el exeta cat\u00f3lico Raymund E. Brown, dice que los magos bien pudieran ser originarios de Persia, Babilonia o Arabia por el tipo de regalos ofrendados y por su indumentaria persa de t\u00fanicas ce\u00f1idas de mangas largas con pantalones y gorro frigio.<br \/>\nLa estrella pudo ser una \u201cNova\u201d (Mega estrella) que pudo ser visible incluso de d\u00eda; un cometa es la segunda conjetura, pues se sabe que el cometa Halley apareci\u00f3 11 o 12 a\u00f1os antes de Cristo en Europa, China y Jap\u00f3n, finalmente una conjunci\u00f3n planetaria entre J\u00fapiter, Saturno y Marte se repite entre cada 8 o 5 a\u00f1os y que habr\u00eda sucedido en el 7 al 6 A.C.<br \/>\nEn fin, de lo que s\u00ed estamos ciertos es que \u201cLos Magos de Oriente\u201d representan en todo lugar y hasta nuestros d\u00edas lo mejor del saber y la religiosidad que los llev\u00f3 encontrar a Jes\u00fas a trav\u00e9s de la revelaci\u00f3n natural, concluye el Te\u00f3logo Raymund E. Brown.<br \/>\nGracias.<\/p>\n","protected":false},"excerpt":{"rendered":"<p>Por: Dr. Jos\u00e9 Ascenci\u00f3n Tijerina Flores A unos cuantos d\u00edas de la celebraci\u00f3n del D\u00eda de Reyes donde tuvimos: Alegr\u00eda, jolgorios, festejo, roscas de pan y monitos, aun en nuestros d\u00edas persisten algunas dudas mencionadas por expertos en la materia, por lo que hoy nos ocuparemos de relatar algunos escritos de historiadores, cronistas y pensadores [&hellip;]<\/p>\n","protected":false},"author":9,"featured_media":5644,"comment_status":"open","ping_status":"closed","sticky":false,"template":"","format":"standard","meta":{"footnotes":""},"categories":[1],"tags":[879],"class_list":["post-5643","post","type-post","status-publish","format-standard","has-post-thumbnail","hentry","category-noticias","tag-dr-jose-ascencion-tijerina-flores"],"_links":{"self":[{"href":"https:\/\/laultimapalabra.com.mx\/portal\/wp-json\/wp\/v2\/posts\/5643","targetHints":{"allow":["GET"]}}],"collection":[{"href":"https:\/\/laultimapalabra.com.mx\/portal\/wp-json\/wp\/v2\/posts"}],"about":[{"href":"https:\/\/laultimapalabra.com.mx\/portal\/wp-json\/wp\/v2\/types\/post"}],"author":[{"embeddable":true,"href":"https:\/\/laultimapalabra.com.mx\/portal\/wp-json\/wp\/v2\/users\/9"}],"replies":[{"embeddable":true,"href":"https:\/\/laultimapalabra.com.mx\/portal\/wp-json\/wp\/v2\/comments?post=5643"}],"version-history":[{"count":1,"href":"https:\/\/laultimapalabra.com.mx\/portal\/wp-json\/wp\/v2\/posts\/5643\/revisions"}],"predecessor-version":[{"id":66050,"href":"https:\/\/laultimapalabra.com.mx\/portal\/wp-json\/wp\/v2\/posts\/5643\/revisions\/66050"}],"wp:featuredmedia":[{"embeddable":true,"href":"https:\/\/laultimapalabra.com.mx\/portal\/wp-json\/"}],"wp:attachment":[{"href":"https:\/\/laultimapalabra.com.mx\/portal\/wp-json\/wp\/v2\/media?parent=5643"}],"wp:term":[{"taxonomy":"category","embeddable":true,"href":"https:\/\/laultimapalabra.com.mx\/portal\/wp-json\/wp\/v2\/categories?post=5643"},{"taxonomy":"post_tag","embeddable":true,"href":"https:\/\/laultimapalabra.com.mx\/portal\/wp-json\/wp\/v2\/tags?post=5643"}],"curies":[{"name":"wp","href":"https:\/\/api.w.org\/{rel}","templated":true}]}}