                       {"id":56535,"date":"2024-04-12T11:51:40","date_gmt":"2024-04-12T17:51:40","guid":{"rendered":"https:\/\/laultimapalabra.com.mx\/portal\/?p=56535"},"modified":"2024-04-12T11:52:28","modified_gmt":"2024-04-12T17:52:28","slug":"resulta-motociclista-gravemente-lesionado-tras-caida","status":"publish","type":"post","link":"https:\/\/laultimapalabra.com.mx\/portal\/resulta-motociclista-gravemente-lesionado-tras-caida\/","title":{"rendered":"Resulta motociclista gravemente lesionado tras ca\u00edda"},"content":{"rendered":"\n<p><br><br>Cadereyta Jim\u00e9nez, N.L.- Un motociclista result\u00f3 gravemente lesionado por un golpe en la cabeza tras una ca\u00edda de su veh\u00edculo, en el municipio de Cadereyta.<br>El accidente vial se report\u00f3 alrededor de las 22:36 horas de ayer en el Circuito Vial Bicentenario a espaldas de la Preparatoria n\u00famero 12.<br>El lesionado fue identificado como Michel Amador Hernandez Cruz de 24 a\u00f1os de edad, quien tripulaba una moto Italika tipo ft150 sin placas de circulaci\u00f3n, en color rojo.<br>El lesionado fue trasladado por param\u00e9dicos de Servicios de Emergencia a la Clinica 14 para su valoraci\u00f3n m\u00e9dica.<\/p>\n","protected":false},"excerpt":{"rendered":"<p>Cadereyta Jim\u00e9nez, N.L.- Un motociclista result\u00f3 gravemente lesionado por un golpe en la cabeza tras una ca\u00edda de su veh\u00edculo, en el municipio de Cadereyta.El accidente vial se report\u00f3 alrededor de las 22:36 horas de ayer en el Circuito Vial Bicentenario a espaldas de la Preparatoria n\u00famero 12.El lesionado fue identificado como Michel Amador Hernandez [&hellip;]<\/p>\n","protected":false},"author":9,"featured_media":56534,"comment_status":"closed","ping_status":"closed","sticky":false,"template":"","format":"standard","meta":{"footnotes":""},"categories":[1],"tags":[3840,12072,5859],"class_list":["post-56535","post","type-post","status-publish","format-standard","has-post-thumbnail","hentry","category-noticias","tag-cadereyta-jimenez-nl","tag-gravemente-lesionado","tag-ultimas-noticias"],"_links":{"self":[{"href":"https:\/\/laultimapalabra.com.mx\/portal\/wp-json\/wp\/v2\/posts\/56535","targetHints":{"allow":["GET"]}}],"collection":[{"href":"https:\/\/laultimapalabra.com.mx\/portal\/wp-json\/wp\/v2\/posts"}],"about":[{"href":"https:\/\/laultimapalabra.com.mx\/portal\/wp-json\/wp\/v2\/types\/post"}],"author":[{"embeddable":true,"href":"https:\/\/laultimapalabra.com.mx\/portal\/wp-json\/wp\/v2\/users\/9"}],"replies":[{"embeddable":true,"href":"https:\/\/laultimapalabra.com.mx\/portal\/wp-json\/wp\/v2\/comments?post=56535"}],"version-history":[{"count":1,"href":"https:\/\/laultimapalabra.com.mx\/portal\/wp-json\/wp\/v2\/posts\/56535\/revisions"}],"predecessor-version":[{"id":56536,"href":"https:\/\/laultimapalabra.com.mx\/portal\/wp-json\/wp\/v2\/posts\/56535\/revisions\/56536"}],"wp:featuredmedia":[{"embeddable":true,"href":"https:\/\/laultimapalabra.com.mx\/portal\/wp-json\/wp\/v2\/media\/56534"}],"wp:attachment":[{"href":"https:\/\/laultimapalabra.com.mx\/portal\/wp-json\/wp\/v2\/media?parent=56535"}],"wp:term":[{"taxonomy":"category","embeddable":true,"href":"https:\/\/laultimapalabra.com.mx\/portal\/wp-json\/wp\/v2\/categories?post=56535"},{"taxonomy":"post_tag","embeddable":true,"href":"https:\/\/laultimapalabra.com.mx\/portal\/wp-json\/wp\/v2\/tags?post=56535"}],"curies":[{"name":"wp","href":"https:\/\/api.w.org\/{rel}","templated":true}]}}