                       {"id":56540,"date":"2024-04-12T14:28:19","date_gmt":"2024-04-12T20:28:19","guid":{"rendered":"https:\/\/laultimapalabra.com.mx\/portal\/?p=56540"},"modified":"2024-04-12T14:28:23","modified_gmt":"2024-04-12T20:28:23","slug":"deja-volcadura-10-lesionados-en-autopista","status":"publish","type":"post","link":"https:\/\/laultimapalabra.com.mx\/portal\/deja-volcadura-10-lesionados-en-autopista\/","title":{"rendered":"Deja volcadura 10 lesionados en autopista"},"content":{"rendered":"\n<p><br><br>Cadereyta Jim\u00e9nez, N.L.- Una volcadura suscitada la ma\u00f1ana de hoy dej\u00f3 en Cadereyta 10 lesionados.<br>El aparatoso accidente vial se registr\u00f3 en la autopista Cadereyta Reynosa km 37, donde transcendi\u00f3 que fueron tres adultos y 7 menores los lesionados.<br>La familia residente de Reynosa se dirig\u00edan a pasar unos d\u00edas al municipio de Garc\u00eda cuando en el sitio mencionado al parecer un tr\u00e1iler fren\u00f3 en &#8220;seco&#8221;, por lo que la conductora trat\u00f3 de evitar chocar con \u00e9l y termin\u00f3 por volcar. Finalmente, los lesionados fueron transladados a la Clinica Municipal de Cadereyta para su valoraci\u00f3n m\u00e9dica, solicit\u00e1ndose la presencia de la Guardia Nacional para que resguardara y vigilara la arteria vial.<\/p>\n\n\n\n<figure class=\"wp-block-image size-large\"><img loading=\"lazy\" decoding=\"async\" width=\"300\" height=\"213\" src=\"https:\/\/laultimapalabra.com.mx\/portal\/wp-content\/uploads\/2024\/04\/img-20240412-wa00317403227731256977861-300x213.jpg\" alt=\"\" class=\"wp-image-56539\" srcset=\"https:\/\/laultimapalabra.com.mx\/portal\/wp-content\/uploads\/2024\/04\/img-20240412-wa00317403227731256977861-300x213.jpg 300w, https:\/\/laultimapalabra.com.mx\/portal\/wp-content\/uploads\/2024\/04\/img-20240412-wa00317403227731256977861.jpg 720w\" sizes=\"auto, (max-width: 300px) 100vw, 300px\" \/><\/figure>\n","protected":false},"excerpt":{"rendered":"<p>Cadereyta Jim\u00e9nez, N.L.- Una volcadura suscitada la ma\u00f1ana de hoy dej\u00f3 en Cadereyta 10 lesionados.El aparatoso accidente vial se registr\u00f3 en la autopista Cadereyta Reynosa km 37, donde transcendi\u00f3 que fueron tres adultos y 7 menores los lesionados.La familia residente de Reynosa se dirig\u00edan a pasar unos d\u00edas al municipio de Garc\u00eda cuando en el [&hellip;]<\/p>\n","protected":false},"author":9,"featured_media":56538,"comment_status":"closed","ping_status":"closed","sticky":false,"template":"","format":"standard","meta":{"footnotes":""},"categories":[1],"tags":[3840,4315,5859],"class_list":["post-56540","post","type-post","status-publish","format-standard","has-post-thumbnail","hentry","category-noticias","tag-cadereyta-jimenez-nl","tag-lesionados","tag-ultimas-noticias"],"_links":{"self":[{"href":"https:\/\/laultimapalabra.com.mx\/portal\/wp-json\/wp\/v2\/posts\/56540","targetHints":{"allow":["GET"]}}],"collection":[{"href":"https:\/\/laultimapalabra.com.mx\/portal\/wp-json\/wp\/v2\/posts"}],"about":[{"href":"https:\/\/laultimapalabra.com.mx\/portal\/wp-json\/wp\/v2\/types\/post"}],"author":[{"embeddable":true,"href":"https:\/\/laultimapalabra.com.mx\/portal\/wp-json\/wp\/v2\/users\/9"}],"replies":[{"embeddable":true,"href":"https:\/\/laultimapalabra.com.mx\/portal\/wp-json\/wp\/v2\/comments?post=56540"}],"version-history":[{"count":1,"href":"https:\/\/laultimapalabra.com.mx\/portal\/wp-json\/wp\/v2\/posts\/56540\/revisions"}],"predecessor-version":[{"id":56541,"href":"https:\/\/laultimapalabra.com.mx\/portal\/wp-json\/wp\/v2\/posts\/56540\/revisions\/56541"}],"wp:featuredmedia":[{"embeddable":true,"href":"https:\/\/laultimapalabra.com.mx\/portal\/wp-json\/wp\/v2\/media\/56538"}],"wp:attachment":[{"href":"https:\/\/laultimapalabra.com.mx\/portal\/wp-json\/wp\/v2\/media?parent=56540"}],"wp:term":[{"taxonomy":"category","embeddable":true,"href":"https:\/\/laultimapalabra.com.mx\/portal\/wp-json\/wp\/v2\/categories?post=56540"},{"taxonomy":"post_tag","embeddable":true,"href":"https:\/\/laultimapalabra.com.mx\/portal\/wp-json\/wp\/v2\/tags?post=56540"}],"curies":[{"name":"wp","href":"https:\/\/api.w.org\/{rel}","templated":true}]}}