                       {"id":567,"date":"2018-03-02T01:15:27","date_gmt":"2018-03-02T01:15:27","guid":{"rendered":"http:\/\/laultimapalabra.info\/?p=567"},"modified":"2024-12-11T08:37:01","modified_gmt":"2024-12-11T14:37:01","slug":"designan-a-cosme-leal-candidato-de-morena","status":"publish","type":"post","link":"https:\/\/laultimapalabra.com.mx\/portal\/designan-a-cosme-leal-candidato-de-morena\/","title":{"rendered":"Designan a Cosme Leal candidato de Morena"},"content":{"rendered":"<p style=\"text-align: justify;\"><img loading=\"lazy\" decoding=\"async\" class=\"size-medium wp-image-568 alignleft\" src=\"https:\/\/laultimapalabra.com.mx\/portal\/wp-content\/uploads\/2018\/03\/COSME-JULIAN-LEAL-CANTU-200x300.jpg\" alt=\"\" width=\"200\" height=\"300\" \/>*Dan a conocer la elecci\u00f3n del aspirante mediante rueda de prensa en el Ambassador por parte de los tres partidos que conforman la coalici\u00f3n<\/p>\n<p style=\"text-align: justify;\">CADEREYTA JIM\u00c9NEZ, N.L.- Ayer jueves primero de marzo, mediante una rueda de prensa, la Coalici\u00f3n \u201cJuntos Haremos Historia\u201d, dio a conocer el nombre de Cosme Juli\u00e1n Leal, como su candidato oficial para la alcald\u00eda de Cadereyta.<br \/>\nLa reuni\u00f3n con los medios de comunicaci\u00f3n, se desarroll\u00f3 en el Lobby del hotel Ambassador a las 10 de la ma\u00f1ana, donde se dio a conocer el nombre del a\u00fan diputado, Cosme Leal como quien trae la estafeta para representar a su partido en la re\u00f1ida carrera por la silla de la presidencia municipal.<br \/>\nSin la presencia de los aspirantes, el delgado nacional de Morena en el estado de Nuevo Le\u00f3n, C\u00e9sar Cravioto; Presidente del Partido Encuentro Social, Juan Manuel Alvarado y por parte del Partido del Trabajo, estuvo el diputado Sergio Arellano.<br \/>\nCada uno de los partidos representados en ese lugar, conforman la coalici\u00f3n \u201cJuntos Haremos Historia\u201d, hermanados a nivel nacional.<br \/>\nLeal Cant\u00fa fue uno de los cuatros aspirantes que buscaban la alcald\u00eda de Cadereyta por Morena, quedando en el camino, Ricardo Garza, Rolando Leal, y el ingeniero V\u00edctor Luna, quienes buscaban la misma estafeta.<br \/>\nSe espera que a partir de mediados de marzo y a la primera semana de abril, el diputado pueda ser registrado por la coalici\u00f3n ya como el candidato oficial y legal para la alcald\u00eda de Cadereyta.<\/p>\n","protected":false},"excerpt":{"rendered":"<p>*Dan a conocer la elecci\u00f3n del aspirante mediante rueda de prensa en el Ambassador por parte de los tres partidos que conforman la coalici\u00f3n CADEREYTA JIM\u00c9NEZ, N.L.- Ayer jueves primero de marzo, mediante una rueda de prensa, la Coalici\u00f3n \u201cJuntos Haremos Historia\u201d, dio a conocer el nombre de Cosme Juli\u00e1n Leal, como su candidato oficial [&hellip;]<\/p>\n","protected":false},"author":9,"featured_media":568,"comment_status":"open","ping_status":"closed","sticky":false,"template":"","format":"standard","meta":{"footnotes":""},"categories":[17],"tags":[719,1563,1751,1884],"class_list":["post-567","post","type-post","status-publish","format-standard","has-post-thumbnail","hentry","category-locales-cadereyta","tag-cosme-leal","tag-morena-cadereyta","tag-pec","tag-pt"],"_links":{"self":[{"href":"https:\/\/laultimapalabra.com.mx\/portal\/wp-json\/wp\/v2\/posts\/567","targetHints":{"allow":["GET"]}}],"collection":[{"href":"https:\/\/laultimapalabra.com.mx\/portal\/wp-json\/wp\/v2\/posts"}],"about":[{"href":"https:\/\/laultimapalabra.com.mx\/portal\/wp-json\/wp\/v2\/types\/post"}],"author":[{"embeddable":true,"href":"https:\/\/laultimapalabra.com.mx\/portal\/wp-json\/wp\/v2\/users\/9"}],"replies":[{"embeddable":true,"href":"https:\/\/laultimapalabra.com.mx\/portal\/wp-json\/wp\/v2\/comments?post=567"}],"version-history":[{"count":1,"href":"https:\/\/laultimapalabra.com.mx\/portal\/wp-json\/wp\/v2\/posts\/567\/revisions"}],"predecessor-version":[{"id":63369,"href":"https:\/\/laultimapalabra.com.mx\/portal\/wp-json\/wp\/v2\/posts\/567\/revisions\/63369"}],"wp:featuredmedia":[{"embeddable":true,"href":"https:\/\/laultimapalabra.com.mx\/portal\/wp-json\/"}],"wp:attachment":[{"href":"https:\/\/laultimapalabra.com.mx\/portal\/wp-json\/wp\/v2\/media?parent=567"}],"wp:term":[{"taxonomy":"category","embeddable":true,"href":"https:\/\/laultimapalabra.com.mx\/portal\/wp-json\/wp\/v2\/categories?post=567"},{"taxonomy":"post_tag","embeddable":true,"href":"https:\/\/laultimapalabra.com.mx\/portal\/wp-json\/wp\/v2\/tags?post=567"}],"curies":[{"name":"wp","href":"https:\/\/api.w.org\/{rel}","templated":true}]}}