                       {"id":56815,"date":"2024-04-21T19:39:53","date_gmt":"2024-04-22T01:39:53","guid":{"rendered":"https:\/\/laultimapalabra.com.mx\/portal\/?p=56815"},"modified":"2024-04-21T19:43:18","modified_gmt":"2024-04-22T01:43:18","slug":"ejecutan-a-dos-hombres-en-lomas-de-santa-monica","status":"publish","type":"post","link":"https:\/\/laultimapalabra.com.mx\/portal\/ejecutan-a-dos-hombres-en-lomas-de-santa-monica\/","title":{"rendered":"Ejecutan a dos hombres en Lomas de Santa M\u00f3nica"},"content":{"rendered":"\n<p>Ju\u00e1rez,N.L.-La tarde del domingo aproximadamente a las 15:05 horas, dos hombres fueron ejecutados a balazos en la colonia Lomas de Santa M\u00f3nica, tercer sector en el municipio de Ju\u00e1rez.<br \/>El ataque armado se registr\u00f3 en la calle Santa Luisa Marillac, en el domicilio marcado con el n\u00famero 1022 a una calle de Jardines de la Silla, a donde llegaron sujetos armados y acabaron con la vida de los dos hombres que se encontraban en su interior.<br \/>Uno de los occisos identificado como Jes\u00fas Alberto Mendoza Jim\u00e9nez de 50 a\u00f1os de edad, vest\u00eda un pantal\u00f3n de mezclilla en color azul y camisa a cuadros en color verde, quien se encontraba al interior de la rec\u00e1mara con un impacto en la cabeza.<br \/>El segundo occiso fue localizado en la sala del domicilio y quien hasta el momento no ha sido identificado, presentaba un impacto de bala en la frente; vest\u00eda un shorts en color gris, una camisa en color gris, gorra negra y tenis negros, era de complexi\u00f3n delgado y tez morena.<br \/>Vecinos mencionaron que escucharon alrededor de tres detonaciones de arma de fuego, por lo que llamaron al 911 y al arribo de las autoridades confirmaron que las personas ya no presentaban signos vitales, arribando al sitio la Polic\u00eda ministerial y servicios periciales.<br \/>La zona fue resguardada por Fuerza Civil y el Ej\u00e9rcito Mexicano, quienes iniciaron las investigaciones correspondientes para tratar de dar con los responsables, que seg\u00fan testigos viajaban abordo de un veh\u00edculo, del cual hasta el momento se desconocen las caracter\u00edsticas.<\/p>\n","protected":false},"excerpt":{"rendered":"<p>Ju\u00e1rez,N.L.-La tarde del domingo aproximadamente a las 15:05 horas, dos hombres fueron ejecutados a balazos en la colonia Lomas de Santa M\u00f3nica, tercer sector en el municipio de Ju\u00e1rez.El ataque armado se registr\u00f3 en la calle Santa Luisa Marillac, en el domicilio marcado con el n\u00famero 1022 a una calle de Jardines de la Silla, [&hellip;]<\/p>\n","protected":false},"author":7,"featured_media":56814,"comment_status":"closed","ping_status":"closed","sticky":false,"template":"","format":"standard","meta":{"footnotes":""},"categories":[10],"tags":[3389,12109,12110],"class_list":["post-56815","post","type-post","status-publish","format-standard","has-post-thumbnail","hentry","category-seguridad-juarez","tag-baleados-juarez","tag-dos-ejecutados","tag-ejecutan-a-hombres"],"_links":{"self":[{"href":"https:\/\/laultimapalabra.com.mx\/portal\/wp-json\/wp\/v2\/posts\/56815","targetHints":{"allow":["GET"]}}],"collection":[{"href":"https:\/\/laultimapalabra.com.mx\/portal\/wp-json\/wp\/v2\/posts"}],"about":[{"href":"https:\/\/laultimapalabra.com.mx\/portal\/wp-json\/wp\/v2\/types\/post"}],"author":[{"embeddable":true,"href":"https:\/\/laultimapalabra.com.mx\/portal\/wp-json\/wp\/v2\/users\/7"}],"replies":[{"embeddable":true,"href":"https:\/\/laultimapalabra.com.mx\/portal\/wp-json\/wp\/v2\/comments?post=56815"}],"version-history":[{"count":1,"href":"https:\/\/laultimapalabra.com.mx\/portal\/wp-json\/wp\/v2\/posts\/56815\/revisions"}],"predecessor-version":[{"id":56816,"href":"https:\/\/laultimapalabra.com.mx\/portal\/wp-json\/wp\/v2\/posts\/56815\/revisions\/56816"}],"wp:featuredmedia":[{"embeddable":true,"href":"https:\/\/laultimapalabra.com.mx\/portal\/wp-json\/wp\/v2\/media\/56814"}],"wp:attachment":[{"href":"https:\/\/laultimapalabra.com.mx\/portal\/wp-json\/wp\/v2\/media?parent=56815"}],"wp:term":[{"taxonomy":"category","embeddable":true,"href":"https:\/\/laultimapalabra.com.mx\/portal\/wp-json\/wp\/v2\/categories?post=56815"},{"taxonomy":"post_tag","embeddable":true,"href":"https:\/\/laultimapalabra.com.mx\/portal\/wp-json\/wp\/v2\/tags?post=56815"}],"curies":[{"name":"wp","href":"https:\/\/api.w.org\/{rel}","templated":true}]}}