                       {"id":57220,"date":"2024-05-06T15:23:42","date_gmt":"2024-05-06T21:23:42","guid":{"rendered":"https:\/\/laultimapalabra.com.mx\/portal\/?p=57220"},"modified":"2024-05-06T15:23:58","modified_gmt":"2024-05-06T21:23:58","slug":"realiza-julio-garza-marcha-silenciosa","status":"publish","type":"post","link":"https:\/\/laultimapalabra.com.mx\/portal\/realiza-julio-garza-marcha-silenciosa\/","title":{"rendered":"Realiza Julio Garza &#8220;Marcha Silenciosa&#8221;"},"content":{"rendered":"\n<p><br><br>Cadereyta Jim\u00e9nez, N.L.- El candidato por el Partido Verde a la alcald\u00eda de Cadereyta, el Licenciado Julio Garza, realiz\u00f3 el d\u00eda de ayer una marcha, donde jimenenses pudieran expresarse sobre sus quejas, a trav\u00e9s de una pancarta.<br>El recorrido se realiz\u00f3 desde la plaza L\u00e1zaro C\u00e1rdenas por la calle Morelos hasta terminar en la calle General Trevi\u00f1o, frente al Museo de Historia Municipal.<br>Alrededor de 300 de personas de distintas colonias y comunidades rurales, entre ellos algunos miembros de la planilla del candidato y colaboradores, se dieron cita al lugar.<br>El candidato mencion\u00f3 que se tuvo buen apoyo de la ciudadan\u00eda y que se demostr\u00f3 que la actual administraci\u00f3n, no esta tan bien como parece y que se demostr\u00f3 a trav\u00e9s de las pancartas que realizaron.<\/p>\n\n\n\n<figure class=\"wp-block-image size-large\"><img loading=\"lazy\" decoding=\"async\" width=\"1024\" height=\"683\" src=\"https:\/\/laultimapalabra.com.mx\/portal\/wp-content\/uploads\/2024\/05\/img-20240506-wa00356625620659243122203-1024x683.jpg\" alt=\"\" class=\"wp-image-57217\" srcset=\"https:\/\/laultimapalabra.com.mx\/portal\/wp-content\/uploads\/2024\/05\/img-20240506-wa00356625620659243122203-1024x683.jpg 1024w, https:\/\/laultimapalabra.com.mx\/portal\/wp-content\/uploads\/2024\/05\/img-20240506-wa00356625620659243122203-300x200.jpg 300w, https:\/\/laultimapalabra.com.mx\/portal\/wp-content\/uploads\/2024\/05\/img-20240506-wa00356625620659243122203-768x512.jpg 768w, https:\/\/laultimapalabra.com.mx\/portal\/wp-content\/uploads\/2024\/05\/img-20240506-wa00356625620659243122203.jpg 1080w\" sizes=\"auto, (max-width: 1024px) 100vw, 1024px\" \/><\/figure>\n\n\n\n<figure class=\"wp-block-image\"><img loading=\"lazy\" decoding=\"async\" width=\"1024\" height=\"683\" src=\"https:\/\/laultimapalabra.com.mx\/portal\/wp-content\/uploads\/2024\/05\/img-20240506-wa00346940608003916410269-1024x683.jpg\" alt=\"\" class=\"wp-image-57218\" srcset=\"https:\/\/laultimapalabra.com.mx\/portal\/wp-content\/uploads\/2024\/05\/img-20240506-wa00346940608003916410269-1024x683.jpg 1024w, https:\/\/laultimapalabra.com.mx\/portal\/wp-content\/uploads\/2024\/05\/img-20240506-wa00346940608003916410269-300x200.jpg 300w, https:\/\/laultimapalabra.com.mx\/portal\/wp-content\/uploads\/2024\/05\/img-20240506-wa00346940608003916410269-768x512.jpg 768w, https:\/\/laultimapalabra.com.mx\/portal\/wp-content\/uploads\/2024\/05\/img-20240506-wa00346940608003916410269.jpg 1080w\" sizes=\"auto, (max-width: 1024px) 100vw, 1024px\" \/><\/figure>\n\n\n\n<figure class=\"wp-block-image\"><img loading=\"lazy\" decoding=\"async\" width=\"1024\" height=\"768\" src=\"https:\/\/laultimapalabra.com.mx\/portal\/wp-content\/uploads\/2024\/05\/img-20240506-wa00312263812664919020876-1024x768.jpg\" alt=\"\" class=\"wp-image-57219\" srcset=\"https:\/\/laultimapalabra.com.mx\/portal\/wp-content\/uploads\/2024\/05\/img-20240506-wa00312263812664919020876-1024x768.jpg 1024w, https:\/\/laultimapalabra.com.mx\/portal\/wp-content\/uploads\/2024\/05\/img-20240506-wa00312263812664919020876-300x225.jpg 300w, https:\/\/laultimapalabra.com.mx\/portal\/wp-content\/uploads\/2024\/05\/img-20240506-wa00312263812664919020876-768x576.jpg 768w, https:\/\/laultimapalabra.com.mx\/portal\/wp-content\/uploads\/2024\/05\/img-20240506-wa00312263812664919020876-1536x1152.jpg 1536w, https:\/\/laultimapalabra.com.mx\/portal\/wp-content\/uploads\/2024\/05\/img-20240506-wa00312263812664919020876.jpg 1600w\" sizes=\"auto, (max-width: 1024px) 100vw, 1024px\" \/><\/figure>\n","protected":false},"excerpt":{"rendered":"<p>Cadereyta Jim\u00e9nez, N.L.- El candidato por el Partido Verde a la alcald\u00eda de Cadereyta, el Licenciado Julio Garza, realiz\u00f3 el d\u00eda de ayer una marcha, donde jimenenses pudieran expresarse sobre sus quejas, a trav\u00e9s de una pancarta.El recorrido se realiz\u00f3 desde la plaza L\u00e1zaro C\u00e1rdenas por la calle Morelos hasta terminar en la calle General [&hellip;]<\/p>\n","protected":false},"author":9,"featured_media":57216,"comment_status":"closed","ping_status":"closed","sticky":false,"template":"","format":"standard","meta":{"footnotes":""},"categories":[17],"tags":[3840,12130,12150,5859],"class_list":["post-57220","post","type-post","status-publish","format-standard","has-post-thumbnail","hentry","category-locales-cadereyta","tag-cadereyta-jimenez-nl","tag-julio-garza","tag-marcha-silenciosa","tag-ultimas-noticias"],"_links":{"self":[{"href":"https:\/\/laultimapalabra.com.mx\/portal\/wp-json\/wp\/v2\/posts\/57220","targetHints":{"allow":["GET"]}}],"collection":[{"href":"https:\/\/laultimapalabra.com.mx\/portal\/wp-json\/wp\/v2\/posts"}],"about":[{"href":"https:\/\/laultimapalabra.com.mx\/portal\/wp-json\/wp\/v2\/types\/post"}],"author":[{"embeddable":true,"href":"https:\/\/laultimapalabra.com.mx\/portal\/wp-json\/wp\/v2\/users\/9"}],"replies":[{"embeddable":true,"href":"https:\/\/laultimapalabra.com.mx\/portal\/wp-json\/wp\/v2\/comments?post=57220"}],"version-history":[{"count":1,"href":"https:\/\/laultimapalabra.com.mx\/portal\/wp-json\/wp\/v2\/posts\/57220\/revisions"}],"predecessor-version":[{"id":57221,"href":"https:\/\/laultimapalabra.com.mx\/portal\/wp-json\/wp\/v2\/posts\/57220\/revisions\/57221"}],"wp:featuredmedia":[{"embeddable":true,"href":"https:\/\/laultimapalabra.com.mx\/portal\/wp-json\/wp\/v2\/media\/57216"}],"wp:attachment":[{"href":"https:\/\/laultimapalabra.com.mx\/portal\/wp-json\/wp\/v2\/media?parent=57220"}],"wp:term":[{"taxonomy":"category","embeddable":true,"href":"https:\/\/laultimapalabra.com.mx\/portal\/wp-json\/wp\/v2\/categories?post=57220"},{"taxonomy":"post_tag","embeddable":true,"href":"https:\/\/laultimapalabra.com.mx\/portal\/wp-json\/wp\/v2\/tags?post=57220"}],"curies":[{"name":"wp","href":"https:\/\/api.w.org\/{rel}","templated":true}]}}