                       {"id":57440,"date":"2024-05-13T15:17:05","date_gmt":"2024-05-13T21:17:05","guid":{"rendered":"https:\/\/laultimapalabra.com.mx\/portal\/?p=57440"},"modified":"2024-05-13T15:17:45","modified_gmt":"2024-05-13T21:17:45","slug":"miles-de-juarenses-arman-macro-valla-de-autos-en-apoyo-a-paco-trevino","status":"publish","type":"post","link":"https:\/\/laultimapalabra.com.mx\/portal\/miles-de-juarenses-arman-macro-valla-de-autos-en-apoyo-a-paco-trevino\/","title":{"rendered":"Miles de juarenses arman macro valla de autos en apoyo a Paco Trevi\u00f1o"},"content":{"rendered":"\n<p><br>En un recorrido por una kilom\u00e9trica Valla de Autos que formaron miles de juarenses en la Colonia Valle de Santa Isabel, Francisco Trevi\u00f1o Cant\u00fa, candidato a la Alcald\u00eda de Ju\u00e1rez, recibi\u00f3 el apoyo de la multitud que respondi\u00f3 al llamado para participar en este macro evento.<br>Habitantes de la zona norte de Ju\u00e1rez y muchos m\u00e1s que se sumaron de otros sectores del municipio convirtieron en una aut\u00e9ntica fiesta el recorrido que hizo Paco Trevi\u00f1o a lo largo de la Avenida Santa Clara, con cientos de autos apostados en ambos lados de la arteria vial.<br>Al final del evento, el abanderado del PRI, PAN y PRD para llegar a la Alcald\u00eda de Ju\u00e1rez, agradeci\u00f3 las manifestaciones de apoyo y prometi\u00f3 a sus miles de simpatizantes que seguir\u00e1 trabajando fuertemente para llevar a Ju\u00e1rez a otro nivel, donde todas las familias tengan una mejor calidad de vida.<br>En el evento tambi\u00e9n participaron Everardo Benavides y Julio Cant\u00fa, candidatos a una diputaci\u00f3n federal y local, respectivamente.<\/p>\n","protected":false},"excerpt":{"rendered":"<p>En un recorrido por una kilom\u00e9trica Valla de Autos que formaron miles de juarenses en la Colonia Valle de Santa Isabel, Francisco Trevi\u00f1o Cant\u00fa, candidato a la Alcald\u00eda de Ju\u00e1rez, recibi\u00f3 el apoyo de la multitud que respondi\u00f3 al llamado para participar en este macro evento.Habitantes de la zona norte de Ju\u00e1rez y muchos m\u00e1s [&hellip;]<\/p>\n","protected":false},"author":9,"featured_media":57439,"comment_status":"closed","ping_status":"closed","sticky":false,"template":"","format":"standard","meta":{"footnotes":""},"categories":[18],"tags":[3590,1684,5859],"class_list":["post-57440","post","type-post","status-publish","format-standard","has-post-thumbnail","hentry","category-locales-juarez","tag-juarez-nl","tag-paco-trevino","tag-ultimas-noticias"],"_links":{"self":[{"href":"https:\/\/laultimapalabra.com.mx\/portal\/wp-json\/wp\/v2\/posts\/57440","targetHints":{"allow":["GET"]}}],"collection":[{"href":"https:\/\/laultimapalabra.com.mx\/portal\/wp-json\/wp\/v2\/posts"}],"about":[{"href":"https:\/\/laultimapalabra.com.mx\/portal\/wp-json\/wp\/v2\/types\/post"}],"author":[{"embeddable":true,"href":"https:\/\/laultimapalabra.com.mx\/portal\/wp-json\/wp\/v2\/users\/9"}],"replies":[{"embeddable":true,"href":"https:\/\/laultimapalabra.com.mx\/portal\/wp-json\/wp\/v2\/comments?post=57440"}],"version-history":[{"count":1,"href":"https:\/\/laultimapalabra.com.mx\/portal\/wp-json\/wp\/v2\/posts\/57440\/revisions"}],"predecessor-version":[{"id":57441,"href":"https:\/\/laultimapalabra.com.mx\/portal\/wp-json\/wp\/v2\/posts\/57440\/revisions\/57441"}],"wp:featuredmedia":[{"embeddable":true,"href":"https:\/\/laultimapalabra.com.mx\/portal\/wp-json\/wp\/v2\/media\/57439"}],"wp:attachment":[{"href":"https:\/\/laultimapalabra.com.mx\/portal\/wp-json\/wp\/v2\/media?parent=57440"}],"wp:term":[{"taxonomy":"category","embeddable":true,"href":"https:\/\/laultimapalabra.com.mx\/portal\/wp-json\/wp\/v2\/categories?post=57440"},{"taxonomy":"post_tag","embeddable":true,"href":"https:\/\/laultimapalabra.com.mx\/portal\/wp-json\/wp\/v2\/tags?post=57440"}],"curies":[{"name":"wp","href":"https:\/\/api.w.org\/{rel}","templated":true}]}}