                       {"id":57670,"date":"2024-05-22T10:45:24","date_gmt":"2024-05-22T16:45:24","guid":{"rendered":"https:\/\/laultimapalabra.com.mx\/portal\/?p=57670"},"modified":"2024-05-22T10:45:27","modified_gmt":"2024-05-22T16:45:27","slug":"en-huelga-madres-de-familia-en-secundaria-de-palmitos","status":"publish","type":"post","link":"https:\/\/laultimapalabra.com.mx\/portal\/en-huelga-madres-de-familia-en-secundaria-de-palmitos\/","title":{"rendered":"En huelga madres de familia en Secundaria de Palmitos"},"content":{"rendered":"\n<p><br><br>Cadereyta Jim\u00e9nez, N.L.- La problem\u00e1tica que hace aproximadamente un mes le informamos, sobre la inconformidad de madres con la nueva designaci\u00f3n de la Directora destituida de la Secundaria de Valle del Roble, subi\u00f3 de tono debido a que cumplieron las amenazas de que si ella se presentaba, no mandar\u00edan a sus hijos a clases, a modo de protesta.<br>Desde el d\u00eda lunes la Secundaria Abel Garza Livas ubicada en el Ejido Palmitos, luci\u00f3 vac\u00eda, ya que no asistieron alumnos desde ese d\u00eda.<br>Hasta el momento, ni la Regi\u00f3n 8, ni directivos del plantel, ni Secretar\u00eda de Educaci\u00f3n ha brindado informaci\u00f3n de la situaci\u00f3n, mientras que los alumnos pierden clases a d\u00edas de que presenten ex\u00e1menes finales.<br>El d\u00eda viernes la Directora Maria del Carmen ingres\u00f3 al plantel con abogados y desde el lunes comenz\u00f3 la huelga por parte de madres de familia del plantel.<\/p>\n\n\n\n<figure class=\"wp-block-image size-large\"><img loading=\"lazy\" decoding=\"async\" width=\"1024\" height=\"768\" src=\"https:\/\/laultimapalabra.com.mx\/portal\/wp-content\/uploads\/2024\/05\/img-20240522-wa00124472030927544197354-1024x768.jpg\" alt=\"\" class=\"wp-image-57668\" srcset=\"https:\/\/laultimapalabra.com.mx\/portal\/wp-content\/uploads\/2024\/05\/img-20240522-wa00124472030927544197354-1024x768.jpg 1024w, https:\/\/laultimapalabra.com.mx\/portal\/wp-content\/uploads\/2024\/05\/img-20240522-wa00124472030927544197354-300x225.jpg 300w, https:\/\/laultimapalabra.com.mx\/portal\/wp-content\/uploads\/2024\/05\/img-20240522-wa00124472030927544197354-768x576.jpg 768w, https:\/\/laultimapalabra.com.mx\/portal\/wp-content\/uploads\/2024\/05\/img-20240522-wa00124472030927544197354-1536x1152.jpg 1536w, https:\/\/laultimapalabra.com.mx\/portal\/wp-content\/uploads\/2024\/05\/img-20240522-wa00124472030927544197354.jpg 1600w\" sizes=\"auto, (max-width: 1024px) 100vw, 1024px\" \/><\/figure>\n\n\n\n<figure class=\"wp-block-image\"><img loading=\"lazy\" decoding=\"async\" width=\"1024\" height=\"768\" src=\"https:\/\/laultimapalabra.com.mx\/portal\/wp-content\/uploads\/2024\/05\/img-20240522-wa00147142376177532315067-1024x768.jpg\" alt=\"\" class=\"wp-image-57669\" srcset=\"https:\/\/laultimapalabra.com.mx\/portal\/wp-content\/uploads\/2024\/05\/img-20240522-wa00147142376177532315067-1024x768.jpg 1024w, https:\/\/laultimapalabra.com.mx\/portal\/wp-content\/uploads\/2024\/05\/img-20240522-wa00147142376177532315067-300x225.jpg 300w, https:\/\/laultimapalabra.com.mx\/portal\/wp-content\/uploads\/2024\/05\/img-20240522-wa00147142376177532315067-768x576.jpg 768w, https:\/\/laultimapalabra.com.mx\/portal\/wp-content\/uploads\/2024\/05\/img-20240522-wa00147142376177532315067-1536x1152.jpg 1536w, https:\/\/laultimapalabra.com.mx\/portal\/wp-content\/uploads\/2024\/05\/img-20240522-wa00147142376177532315067.jpg 1600w\" sizes=\"auto, (max-width: 1024px) 100vw, 1024px\" \/><\/figure>\n","protected":false},"excerpt":{"rendered":"<p>Cadereyta Jim\u00e9nez, N.L.- La problem\u00e1tica que hace aproximadamente un mes le informamos, sobre la inconformidad de madres con la nueva designaci\u00f3n de la Directora destituida de la Secundaria de Valle del Roble, subi\u00f3 de tono debido a que cumplieron las amenazas de que si ella se presentaba, no mandar\u00edan a sus hijos a clases, a [&hellip;]<\/p>\n","protected":false},"author":9,"featured_media":57667,"comment_status":"closed","ping_status":"closed","sticky":false,"template":"","format":"standard","meta":{"footnotes":""},"categories":[17],"tags":[3840,6421,5702,5859],"class_list":["post-57670","post","type-post","status-publish","format-standard","has-post-thumbnail","hentry","category-locales-cadereyta","tag-cadereyta-jimenez-nl","tag-directora","tag-madres-de-familia","tag-ultimas-noticias"],"_links":{"self":[{"href":"https:\/\/laultimapalabra.com.mx\/portal\/wp-json\/wp\/v2\/posts\/57670","targetHints":{"allow":["GET"]}}],"collection":[{"href":"https:\/\/laultimapalabra.com.mx\/portal\/wp-json\/wp\/v2\/posts"}],"about":[{"href":"https:\/\/laultimapalabra.com.mx\/portal\/wp-json\/wp\/v2\/types\/post"}],"author":[{"embeddable":true,"href":"https:\/\/laultimapalabra.com.mx\/portal\/wp-json\/wp\/v2\/users\/9"}],"replies":[{"embeddable":true,"href":"https:\/\/laultimapalabra.com.mx\/portal\/wp-json\/wp\/v2\/comments?post=57670"}],"version-history":[{"count":1,"href":"https:\/\/laultimapalabra.com.mx\/portal\/wp-json\/wp\/v2\/posts\/57670\/revisions"}],"predecessor-version":[{"id":57671,"href":"https:\/\/laultimapalabra.com.mx\/portal\/wp-json\/wp\/v2\/posts\/57670\/revisions\/57671"}],"wp:featuredmedia":[{"embeddable":true,"href":"https:\/\/laultimapalabra.com.mx\/portal\/wp-json\/wp\/v2\/media\/57667"}],"wp:attachment":[{"href":"https:\/\/laultimapalabra.com.mx\/portal\/wp-json\/wp\/v2\/media?parent=57670"}],"wp:term":[{"taxonomy":"category","embeddable":true,"href":"https:\/\/laultimapalabra.com.mx\/portal\/wp-json\/wp\/v2\/categories?post=57670"},{"taxonomy":"post_tag","embeddable":true,"href":"https:\/\/laultimapalabra.com.mx\/portal\/wp-json\/wp\/v2\/tags?post=57670"}],"curies":[{"name":"wp","href":"https:\/\/api.w.org\/{rel}","templated":true}]}}