                       {"id":57713,"date":"2024-05-23T15:08:06","date_gmt":"2024-05-23T21:08:06","guid":{"rendered":"https:\/\/laultimapalabra.com.mx\/portal\/?p=57713"},"modified":"2024-05-23T15:11:12","modified_gmt":"2024-05-23T21:11:12","slug":"recibe-cecy-cantu-gran-aceptacion-de-los-jimenenses","status":"publish","type":"post","link":"https:\/\/laultimapalabra.com.mx\/portal\/recibe-cecy-cantu-gran-aceptacion-de-los-jimenenses\/","title":{"rendered":"Recibe Cecy Cant\u00fa gran aceptaci\u00f3n de los jimenenses"},"content":{"rendered":"\n<p><br><br>Cadereyta Jim\u00e9nez, N.L.- La candidata a la alcald\u00eda de Cadereyta por el Partido MORENA Cecy Cant\u00fa, camin\u00f3 el d\u00eda de hoy por la plaza principal del municipio donde obtuvo gran aceptaci\u00f3n de los jimenenses.<br>Adultos mayores, madres de familia y trabajadores que estaban en el lugar o iban de paso se acercaban a la candidata, para saludarla y mostrarle su apoyo para estos pr\u00f3ximos comicios electorales.<br>Cecy Cant\u00fa en entrevista con este medio habl\u00f3 sobre los lamentables hechos en el municipio de San Pedro y se solidariza con las v\u00edctimas del terrible accidente, por lo que portaba un mo\u00f1o blanco de luto por esa situaci\u00f3n.<br>Asimismo, se le cuestion\u00f3 sobre la unidad con elementos de Guardia Nacional que van resguardandola y coment\u00f3 que parte de su equipo ha recibido amenazas, adem\u00e1s de que la semana fue chocada en el Ejido Tepehuaje y dijo que aparte de sentirse segura ella, todo su equipo lo est\u00e1, adem\u00e1s de que tambi\u00e9n la ciudadan\u00eda puede sentirse segura al ver a los elementos Federales.<br>La candidata finaliz\u00f3 comentando que la ma\u00f1ana de hoy tuvo una reuni\u00f3n con Claudia Sheinbaum y que grabaron un peque\u00f1o video donde menciona que este dos de junio deben de votar todo morena.<\/p>\n","protected":false},"excerpt":{"rendered":"<p>Cadereyta Jim\u00e9nez, N.L.- La candidata a la alcald\u00eda de Cadereyta por el Partido MORENA Cecy Cant\u00fa, camin\u00f3 el d\u00eda de hoy por la plaza principal del municipio donde obtuvo gran aceptaci\u00f3n de los jimenenses.Adultos mayores, madres de familia y trabajadores que estaban en el lugar o iban de paso se acercaban a la candidata, para [&hellip;]<\/p>\n","protected":false},"author":9,"featured_media":57712,"comment_status":"closed","ping_status":"closed","sticky":false,"template":"","format":"standard","meta":{"footnotes":""},"categories":[17],"tags":[3840,511,5859],"class_list":["post-57713","post","type-post","status-publish","format-standard","has-post-thumbnail","hentry","category-locales-cadereyta","tag-cadereyta-jimenez-nl","tag-cecy-cantu","tag-ultimas-noticias"],"_links":{"self":[{"href":"https:\/\/laultimapalabra.com.mx\/portal\/wp-json\/wp\/v2\/posts\/57713","targetHints":{"allow":["GET"]}}],"collection":[{"href":"https:\/\/laultimapalabra.com.mx\/portal\/wp-json\/wp\/v2\/posts"}],"about":[{"href":"https:\/\/laultimapalabra.com.mx\/portal\/wp-json\/wp\/v2\/types\/post"}],"author":[{"embeddable":true,"href":"https:\/\/laultimapalabra.com.mx\/portal\/wp-json\/wp\/v2\/users\/9"}],"replies":[{"embeddable":true,"href":"https:\/\/laultimapalabra.com.mx\/portal\/wp-json\/wp\/v2\/comments?post=57713"}],"version-history":[{"count":1,"href":"https:\/\/laultimapalabra.com.mx\/portal\/wp-json\/wp\/v2\/posts\/57713\/revisions"}],"predecessor-version":[{"id":57714,"href":"https:\/\/laultimapalabra.com.mx\/portal\/wp-json\/wp\/v2\/posts\/57713\/revisions\/57714"}],"wp:featuredmedia":[{"embeddable":true,"href":"https:\/\/laultimapalabra.com.mx\/portal\/wp-json\/wp\/v2\/media\/57712"}],"wp:attachment":[{"href":"https:\/\/laultimapalabra.com.mx\/portal\/wp-json\/wp\/v2\/media?parent=57713"}],"wp:term":[{"taxonomy":"category","embeddable":true,"href":"https:\/\/laultimapalabra.com.mx\/portal\/wp-json\/wp\/v2\/categories?post=57713"},{"taxonomy":"post_tag","embeddable":true,"href":"https:\/\/laultimapalabra.com.mx\/portal\/wp-json\/wp\/v2\/tags?post=57713"}],"curies":[{"name":"wp","href":"https:\/\/api.w.org\/{rel}","templated":true}]}}