                       {"id":57758,"date":"2024-05-25T14:49:33","date_gmt":"2024-05-25T20:49:33","guid":{"rendered":"https:\/\/laultimapalabra.com.mx\/portal\/?p=57758"},"modified":"2024-05-25T14:50:12","modified_gmt":"2024-05-25T20:50:12","slug":"se-reune-cecy-cantu-con-claudia-sheinbaum","status":"publish","type":"post","link":"https:\/\/laultimapalabra.com.mx\/portal\/se-reune-cecy-cantu-con-claudia-sheinbaum\/","title":{"rendered":"Se re\u00fane Cecy Cant\u00fa con Claudia Sheinbaum"},"content":{"rendered":"\n<p><br><br>El d\u00eda jueves, Cecy Cant\u00fa, candidata a la alcald\u00eda de Cadereyta Jim\u00e9nez, recibi\u00f3 en el aeropuerto a nuestra futura presidenta, la Dra. Claudia Sheinbaum. Esta visita tuvo como objetivo reforzar el compromiso y las relaciones entre el gobierno federal y local. En caso de que las urnas favorezcan a Morena este 2 de junio, se llevar\u00e1n a cabo diversos proyectos destinados a lograr el bienestar de nuestro municipio.<br><br>Durante el encuentro, se discutieron temas clave como el desarrollo econ\u00f3mico, la creaci\u00f3n de empleos y el fortalecimiento de la infraestructura local. <br>Cecy Cant\u00fa por otra parte comparti\u00f3 su visi\u00f3n para mejorar la educaci\u00f3n y la salud en Cadereyta Jim\u00e9nez, subrayando la importancia de trabajar de manera conjunta para alcanzar estos objetivos.<br><br>Adem\u00e1s, se abordaron estrategias para optimizar la Refineria, lo que no solo impulsar\u00e1 la econom\u00eda, sino que tambi\u00e9n mejorar\u00e1 las condiciones laborales de los trabajadores y las familias Jim\u00e9nences. <br><br>La Dra. Sheinbaum mostr\u00f3 un gran compromiso con nuestra comunidad, prometiendo apoyo continuo y colaboraci\u00f3n estrecha para asegurar un futuro pr\u00f3spero y equitativo para todos los habitantes de Cadereyta Jim\u00e9nez. <br><br>Cecy Cant\u00fa, agreg\u00f3 \u201cAgradecemos profundamente la visita y la dedicaci\u00f3n de la Dra. Sheinbaum, y confiamos en que, bajo su liderazgo, podremos alcanzar un desarrollo integral y sostenible para nuestro municipio\u201d.<\/p>\n","protected":false},"excerpt":{"rendered":"<p>El d\u00eda jueves, Cecy Cant\u00fa, candidata a la alcald\u00eda de Cadereyta Jim\u00e9nez, recibi\u00f3 en el aeropuerto a nuestra futura presidenta, la Dra. Claudia Sheinbaum. Esta visita tuvo como objetivo reforzar el compromiso y las relaciones entre el gobierno federal y local. En caso de que las urnas favorezcan a Morena este 2 de junio, se [&hellip;]<\/p>\n","protected":false},"author":9,"featured_media":57757,"comment_status":"closed","ping_status":"closed","sticky":false,"template":"","format":"standard","meta":{"footnotes":""},"categories":[17],"tags":[11278,10595,511,8442,5859],"class_list":["post-57758","post","type-post","status-publish","format-standard","has-post-thumbnail","hentry","category-locales-cadereyta","tag-alcaldia","tag-candidatas","tag-cecy-cantu","tag-presidencia","tag-ultimas-noticias"],"_links":{"self":[{"href":"https:\/\/laultimapalabra.com.mx\/portal\/wp-json\/wp\/v2\/posts\/57758","targetHints":{"allow":["GET"]}}],"collection":[{"href":"https:\/\/laultimapalabra.com.mx\/portal\/wp-json\/wp\/v2\/posts"}],"about":[{"href":"https:\/\/laultimapalabra.com.mx\/portal\/wp-json\/wp\/v2\/types\/post"}],"author":[{"embeddable":true,"href":"https:\/\/laultimapalabra.com.mx\/portal\/wp-json\/wp\/v2\/users\/9"}],"replies":[{"embeddable":true,"href":"https:\/\/laultimapalabra.com.mx\/portal\/wp-json\/wp\/v2\/comments?post=57758"}],"version-history":[{"count":1,"href":"https:\/\/laultimapalabra.com.mx\/portal\/wp-json\/wp\/v2\/posts\/57758\/revisions"}],"predecessor-version":[{"id":57759,"href":"https:\/\/laultimapalabra.com.mx\/portal\/wp-json\/wp\/v2\/posts\/57758\/revisions\/57759"}],"wp:featuredmedia":[{"embeddable":true,"href":"https:\/\/laultimapalabra.com.mx\/portal\/wp-json\/wp\/v2\/media\/57757"}],"wp:attachment":[{"href":"https:\/\/laultimapalabra.com.mx\/portal\/wp-json\/wp\/v2\/media?parent=57758"}],"wp:term":[{"taxonomy":"category","embeddable":true,"href":"https:\/\/laultimapalabra.com.mx\/portal\/wp-json\/wp\/v2\/categories?post=57758"},{"taxonomy":"post_tag","embeddable":true,"href":"https:\/\/laultimapalabra.com.mx\/portal\/wp-json\/wp\/v2\/tags?post=57758"}],"curies":[{"name":"wp","href":"https:\/\/api.w.org\/{rel}","templated":true}]}}