                       {"id":57903,"date":"2024-05-30T20:01:54","date_gmt":"2024-05-31T02:01:54","guid":{"rendered":"https:\/\/laultimapalabra.com.mx\/portal\/?p=57903"},"modified":"2024-05-30T20:01:54","modified_gmt":"2024-05-31T02:01:54","slug":"sufren-sin-energia-electrica-en-los-reguiletes","status":"publish","type":"post","link":"https:\/\/laultimapalabra.com.mx\/portal\/sufren-sin-energia-electrica-en-los-reguiletes\/","title":{"rendered":"Sufren sin energ\u00eda el\u00e9ctrica en Los Reguiletes"},"content":{"rendered":"\n<p>Ju\u00e1rez, N.L.-Vecinos de la colonia Los Reguiletes, segundo sector, se encuentran desesperados por la falta de energ\u00eda el\u00e9ctrica desde la ma\u00f1ana del mi\u00e9rcoles.<\/p>\n\n\n\n<p>Los afectados mencionan que son varias calles entre ellas la calle Parihuelas, Ernest Hemingway, Herman Melville y Robert L Sevenson, adem\u00e1s de las luminarias, por lo que hacen un llamado a Comisi\u00f3n Federal de Electricidad, para que tome cartas en el asunto, ya que varios vecinos ya perdieron su despensa por completo de sus refrigeradores adem\u00e1s de medicamentos.<\/p>\n\n\n\n<p>Seg\u00fan esta afectaci\u00f3n podr\u00eda ser por unas cuchillas que se encuentran ca\u00eddas por lo que s\u00f3lo ser\u00eda que se presentara una cuadrilla de CFE, los vecinos mostraron unas im\u00e1genes a La \u00daltima Palabra, donde se ve la p\u00e9rdida de sus alimentos y medicamentos.<\/p>\n","protected":false},"excerpt":{"rendered":"<p>Ju\u00e1rez, N.L.-Vecinos de la colonia Los Reguiletes, segundo sector, se encuentran desesperados por la falta de energ\u00eda el\u00e9ctrica desde la ma\u00f1ana del mi\u00e9rcoles. Los afectados mencionan que son varias calles entre ellas la calle Parihuelas, Ernest Hemingway, Herman Melville y Robert L Sevenson, adem\u00e1s de las luminarias, por lo que hacen un llamado a Comisi\u00f3n [&hellip;]<\/p>\n","protected":false},"author":7,"featured_media":57902,"comment_status":"closed","ping_status":"closed","sticky":false,"template":"","format":"standard","meta":{"footnotes":""},"categories":[18],"tags":[2684,1355,8717,7408],"class_list":["post-57903","post","type-post","status-publish","format-standard","has-post-thumbnail","hentry","category-locales-juarez","tag-cfe","tag-juarez","tag-sin-energia-electrica","tag-sufren-vecinos"],"_links":{"self":[{"href":"https:\/\/laultimapalabra.com.mx\/portal\/wp-json\/wp\/v2\/posts\/57903","targetHints":{"allow":["GET"]}}],"collection":[{"href":"https:\/\/laultimapalabra.com.mx\/portal\/wp-json\/wp\/v2\/posts"}],"about":[{"href":"https:\/\/laultimapalabra.com.mx\/portal\/wp-json\/wp\/v2\/types\/post"}],"author":[{"embeddable":true,"href":"https:\/\/laultimapalabra.com.mx\/portal\/wp-json\/wp\/v2\/users\/7"}],"replies":[{"embeddable":true,"href":"https:\/\/laultimapalabra.com.mx\/portal\/wp-json\/wp\/v2\/comments?post=57903"}],"version-history":[{"count":1,"href":"https:\/\/laultimapalabra.com.mx\/portal\/wp-json\/wp\/v2\/posts\/57903\/revisions"}],"predecessor-version":[{"id":57904,"href":"https:\/\/laultimapalabra.com.mx\/portal\/wp-json\/wp\/v2\/posts\/57903\/revisions\/57904"}],"wp:featuredmedia":[{"embeddable":true,"href":"https:\/\/laultimapalabra.com.mx\/portal\/wp-json\/wp\/v2\/media\/57902"}],"wp:attachment":[{"href":"https:\/\/laultimapalabra.com.mx\/portal\/wp-json\/wp\/v2\/media?parent=57903"}],"wp:term":[{"taxonomy":"category","embeddable":true,"href":"https:\/\/laultimapalabra.com.mx\/portal\/wp-json\/wp\/v2\/categories?post=57903"},{"taxonomy":"post_tag","embeddable":true,"href":"https:\/\/laultimapalabra.com.mx\/portal\/wp-json\/wp\/v2\/tags?post=57903"}],"curies":[{"name":"wp","href":"https:\/\/api.w.org\/{rel}","templated":true}]}}