                       {"id":5878,"date":"2019-01-25T01:49:02","date_gmt":"2019-01-25T01:49:02","guid":{"rendered":"http:\/\/laultimapalabra.info\/?p=5878"},"modified":"2024-12-11T08:53:36","modified_gmt":"2024-12-11T14:53:36","slug":"buscan-a-don-juventino","status":"publish","type":"post","link":"https:\/\/laultimapalabra.com.mx\/portal\/buscan-a-don-juventino\/","title":{"rendered":"Buscan a don Juventino"},"content":{"rendered":"<p style=\"text-align: justify;\">*El ancianito de 84 a\u00f1os se dirig\u00eda de La Chueca hacia El Refugio.<\/p>\n<p style=\"text-align: justify;\"><img loading=\"lazy\" decoding=\"async\" class=\"size-medium wp-image-5879 alignleft\" src=\"https:\/\/laultimapalabra.com.mx\/portal\/wp-content\/uploads\/2019\/01\/d4206a25-1bb8-43fc-8289-c7a333ca8a58-300x217.jpg\" alt=\"\" width=\"300\" height=\"217\" \/><span style=\"font-size: 1rem;\">CADEREYTA JIM\u00c9NEZ, N.L.-<\/span><br \/>\nUna persona de la tercera edad, quien desapareci\u00f3 en d\u00edas pasados, es buscado por sus familiares con el temor de su salud debido a su avanzada edad.<br \/>\nDon Juventino Cortez Vargas, de 84 a\u00f1os de edad, dej\u00f3 su hogar en la comunidad La Chueca sin saberse exactamente la fecha ni la hora, hasta que sus familiares se percataron de su desaparici\u00f3n.<br \/>\nEl abuelito es de complexi\u00f3n delgada, tiene ojos peque\u00f1os de color gris, pelo cano, corto y lacio y de una estatura de 1.55 metros y de boca y nariz medianas.<br \/>\nLos familiares no reportan ning\u00fan padecimiento y sin ninguna se\u00f1a en particular que pueda ayudar a su localizaci\u00f3n.<br \/>\nA\u00f1aden que vest\u00eda una chamarra color beige, y pantal\u00f3n del mismo color, adem\u00e1s de huaraches de vaqueta en color vino.<br \/>\nLos familiares aseguran que la \u00faltima vez que fue visto fue en La Chueca y se dirig\u00eda con rumbo a El Refugio, vest\u00eda como se describe arriba de estas l\u00edneas, pero llevaba consigo una bolsa con unos zapatos y un sombrero con una leve quemadura en uno de sus extremos.<br \/>\nLa desaparici\u00f3n del abuelito fue reportada al Grupo Especializado de B\u00fasqueda Inmediata (GEBI) quien puso a disposici\u00f3n de la ciudadan\u00eda los tel\u00e9fonos (81) 20 20 57 00 (81) 20 20 51 58 para reportar cualquier pista o dato que sirviera para su localizaci\u00f3n.<br \/>\nEl ancianito fue buscado con familiares y amigos de la familia sin \u00e9xito y la familia tambi\u00e9n puso a disposici\u00f3n el tel\u00e9fono celular 8281032444.<\/p>\n","protected":false},"excerpt":{"rendered":"<p>*El ancianito de 84 a\u00f1os se dirig\u00eda de La Chueca hacia El Refugio. CADEREYTA JIM\u00c9NEZ, N.L.- Una persona de la tercera edad, quien desapareci\u00f3 en d\u00edas pasados, es buscado por sus familiares con el temor de su salud debido a su avanzada edad. Don Juventino Cortez Vargas, de 84 a\u00f1os de edad, dej\u00f3 su hogar [&hellip;]<\/p>\n","protected":false},"author":9,"featured_media":5879,"comment_status":"open","ping_status":"closed","sticky":false,"template":"","format":"standard","meta":{"footnotes":""},"categories":[17],"tags":[132,1371],"class_list":["post-5878","post","type-post","status-publish","format-standard","has-post-thumbnail","hentry","category-locales-cadereyta","tag-anciano-perdido","tag-juventino-cortez-vargas"],"_links":{"self":[{"href":"https:\/\/laultimapalabra.com.mx\/portal\/wp-json\/wp\/v2\/posts\/5878","targetHints":{"allow":["GET"]}}],"collection":[{"href":"https:\/\/laultimapalabra.com.mx\/portal\/wp-json\/wp\/v2\/posts"}],"about":[{"href":"https:\/\/laultimapalabra.com.mx\/portal\/wp-json\/wp\/v2\/types\/post"}],"author":[{"embeddable":true,"href":"https:\/\/laultimapalabra.com.mx\/portal\/wp-json\/wp\/v2\/users\/9"}],"replies":[{"embeddable":true,"href":"https:\/\/laultimapalabra.com.mx\/portal\/wp-json\/wp\/v2\/comments?post=5878"}],"version-history":[{"count":1,"href":"https:\/\/laultimapalabra.com.mx\/portal\/wp-json\/wp\/v2\/posts\/5878\/revisions"}],"predecessor-version":[{"id":66160,"href":"https:\/\/laultimapalabra.com.mx\/portal\/wp-json\/wp\/v2\/posts\/5878\/revisions\/66160"}],"wp:featuredmedia":[{"embeddable":true,"href":"https:\/\/laultimapalabra.com.mx\/portal\/wp-json\/"}],"wp:attachment":[{"href":"https:\/\/laultimapalabra.com.mx\/portal\/wp-json\/wp\/v2\/media?parent=5878"}],"wp:term":[{"taxonomy":"category","embeddable":true,"href":"https:\/\/laultimapalabra.com.mx\/portal\/wp-json\/wp\/v2\/categories?post=5878"},{"taxonomy":"post_tag","embeddable":true,"href":"https:\/\/laultimapalabra.com.mx\/portal\/wp-json\/wp\/v2\/tags?post=5878"}],"curies":[{"name":"wp","href":"https:\/\/api.w.org\/{rel}","templated":true}]}}