                       {"id":5942,"date":"2019-01-25T13:12:55","date_gmt":"2019-01-25T13:12:55","guid":{"rendered":"http:\/\/laultimapalabra.info\/?p=5942"},"modified":"2024-12-11T08:53:37","modified_gmt":"2024-12-11T14:53:37","slug":"nuevos-beneficiarios-de-68-y-mas-podran-cobrar-a-partir-del-proximo-bimestre-2","status":"publish","type":"post","link":"https:\/\/laultimapalabra.com.mx\/portal\/nuevos-beneficiarios-de-68-y-mas-podran-cobrar-a-partir-del-proximo-bimestre-2\/","title":{"rendered":"Nuevos beneficiarios de 68 y M\u00e1s podr\u00e1n cobrar a partir del pr\u00f3ximo bimestre"},"content":{"rendered":"<p><img loading=\"lazy\" decoding=\"async\" src=\"https:\/\/laultimapalabra.com.mx\/portal\/wp-content\/uploads\/2019\/01\/20190124_1146571737621626990474178.jpg\" class=\"wp-image-5823 alignnone size-full\" width=\"1148\" height=\"668\"><\/p>\n<p>Monterrey, N.L.- Tras la incertidumbre que el cobro de los programas sociales ha generado en poblaci\u00f3n, la delegada de programas sociales en Nuevo Le\u00f3n, Judith D\u00edaz, declar\u00f3 que quienes ya se encontraban en el programa est\u00e1n comenzando a recibir el pago.<br \/>\nMientras que quienes van ingresando tendr\u00e1n su deposito a partir de bimestre pr\u00f3ximo.<br \/>\nAsimismo, se\u00f1al\u00f3 que el apoyo que ser\u00e1 de $1,200.00 pesos mensuales aproximadamente lo estar\u00e1n recibiendo de forma directa en sus tarjetas, sin intermediarios como es la indicaci\u00f3n del Presidente de la Rep\u00fablica, \u00c1ndres Manuel L\u00f3pez Obrador. ya que en algunos casos la tardanza se deb\u00eda que no todo el padr\u00f3n estaba bancarizado.<\/p>\n<p>Fuente: Telediario<\/p>\n","protected":false},"excerpt":{"rendered":"<p>Monterrey, N.L.- Tras la incertidumbre que el cobro de los programas sociales ha generado en poblaci\u00f3n, la delegada de programas sociales en Nuevo Le\u00f3n, Judith D\u00edaz, declar\u00f3 que quienes ya se encontraban en el programa est\u00e1n comenzando a recibir el pago. Mientras que quienes van ingresando tendr\u00e1n su deposito a partir de bimestre pr\u00f3ximo. Asimismo, [&hellip;]<\/p>\n","protected":false},"author":9,"featured_media":0,"comment_status":"open","ping_status":"closed","sticky":false,"template":"","format":"standard","meta":{"footnotes":""},"categories":[19],"tags":[34,124,1359],"class_list":["post-5942","post","type-post","status-publish","format-standard","hentry","category-nacional","tag-68-y","tag-amlo","tag-judith-diaz"],"_links":{"self":[{"href":"https:\/\/laultimapalabra.com.mx\/portal\/wp-json\/wp\/v2\/posts\/5942","targetHints":{"allow":["GET"]}}],"collection":[{"href":"https:\/\/laultimapalabra.com.mx\/portal\/wp-json\/wp\/v2\/posts"}],"about":[{"href":"https:\/\/laultimapalabra.com.mx\/portal\/wp-json\/wp\/v2\/types\/post"}],"author":[{"embeddable":true,"href":"https:\/\/laultimapalabra.com.mx\/portal\/wp-json\/wp\/v2\/users\/9"}],"replies":[{"embeddable":true,"href":"https:\/\/laultimapalabra.com.mx\/portal\/wp-json\/wp\/v2\/comments?post=5942"}],"version-history":[{"count":1,"href":"https:\/\/laultimapalabra.com.mx\/portal\/wp-json\/wp\/v2\/posts\/5942\/revisions"}],"predecessor-version":[{"id":66192,"href":"https:\/\/laultimapalabra.com.mx\/portal\/wp-json\/wp\/v2\/posts\/5942\/revisions\/66192"}],"wp:attachment":[{"href":"https:\/\/laultimapalabra.com.mx\/portal\/wp-json\/wp\/v2\/media?parent=5942"}],"wp:term":[{"taxonomy":"category","embeddable":true,"href":"https:\/\/laultimapalabra.com.mx\/portal\/wp-json\/wp\/v2\/categories?post=5942"},{"taxonomy":"post_tag","embeddable":true,"href":"https:\/\/laultimapalabra.com.mx\/portal\/wp-json\/wp\/v2\/tags?post=5942"}],"curies":[{"name":"wp","href":"https:\/\/api.w.org\/{rel}","templated":true}]}}