                       {"id":59688,"date":"2024-07-30T23:20:34","date_gmt":"2024-07-31T05:20:34","guid":{"rendered":"https:\/\/laultimapalabra.com.mx\/portal\/?p=59688"},"modified":"2024-07-30T23:20:34","modified_gmt":"2024-07-31T05:20:34","slug":"se-impacta-contra-poste-y-abandona-camioneta","status":"publish","type":"post","link":"https:\/\/laultimapalabra.com.mx\/portal\/se-impacta-contra-poste-y-abandona-camioneta\/","title":{"rendered":"Se impacta contra poste y abandona camioneta"},"content":{"rendered":"<p>Cadereyta Jim\u00e9nez, N.L.- Una persona que conduc\u00eda una camioneta, se impact\u00f3 contra un poste de Comisi\u00f3n Federal de Electricidad y despu\u00e9s huy\u00f3 dejando la camioneta abandonada, en el municipio de Cadereyta.<\/p>\n<p>El hecho se registr\u00f3 en la calle Morelos frente a la Unidad Deportiva en la colonia Praderas.<\/p>\n<p>Hasta el momento se desconoce si la persona que conduc\u00eda la camioneta tipo Silverado sin placas, result\u00f3 con lesiones.<\/p>\n<p>Debido al percance se da\u00f1\u00f3 el transformador, el poste y cableado, por lo que tuvo que arribar una cuadrilla de CFE para comenzar la reparaci\u00f3n.<\/p>\n<p>Al sitio se dieron cita elementos de la Polic\u00eda Municipal, Tr\u00e1nsito Municipal, as\u00ed como una unidad de Servicios de Emergencia, para descartar que hubiera lesionados, sin embargo s\u00f3lo se toparon con la camioneta abandonada, por lo que trataron de ubicar al responsable.<\/p>\n","protected":false},"excerpt":{"rendered":"<p>Cadereyta Jim\u00e9nez, N.L.- Una persona que conduc\u00eda una camioneta, se impact\u00f3 contra un poste de Comisi\u00f3n Federal de Electricidad y despu\u00e9s huy\u00f3 dejando la camioneta abandonada, en el municipio de Cadereyta. El hecho se registr\u00f3 en la calle Morelos frente a la Unidad Deportiva en la colonia Praderas. Hasta el momento se desconoce si la [&hellip;]<\/p>\n","protected":false},"author":7,"featured_media":59689,"comment_status":"closed","ping_status":"closed","sticky":false,"template":"","format":"standard","meta":{"footnotes":""},"categories":[9],"tags":[3653,12296,3923,6121],"class_list":["post-59688","post","type-post","status-publish","format-standard","has-post-thumbnail","hentry","category-seguridad-cadereyta","tag-abandona-camioneta","tag-choca-contra-poste","tag-policia-municipal","tag-transito"],"_links":{"self":[{"href":"https:\/\/laultimapalabra.com.mx\/portal\/wp-json\/wp\/v2\/posts\/59688","targetHints":{"allow":["GET"]}}],"collection":[{"href":"https:\/\/laultimapalabra.com.mx\/portal\/wp-json\/wp\/v2\/posts"}],"about":[{"href":"https:\/\/laultimapalabra.com.mx\/portal\/wp-json\/wp\/v2\/types\/post"}],"author":[{"embeddable":true,"href":"https:\/\/laultimapalabra.com.mx\/portal\/wp-json\/wp\/v2\/users\/7"}],"replies":[{"embeddable":true,"href":"https:\/\/laultimapalabra.com.mx\/portal\/wp-json\/wp\/v2\/comments?post=59688"}],"version-history":[{"count":1,"href":"https:\/\/laultimapalabra.com.mx\/portal\/wp-json\/wp\/v2\/posts\/59688\/revisions"}],"predecessor-version":[{"id":59690,"href":"https:\/\/laultimapalabra.com.mx\/portal\/wp-json\/wp\/v2\/posts\/59688\/revisions\/59690"}],"wp:featuredmedia":[{"embeddable":true,"href":"https:\/\/laultimapalabra.com.mx\/portal\/wp-json\/wp\/v2\/media\/59689"}],"wp:attachment":[{"href":"https:\/\/laultimapalabra.com.mx\/portal\/wp-json\/wp\/v2\/media?parent=59688"}],"wp:term":[{"taxonomy":"category","embeddable":true,"href":"https:\/\/laultimapalabra.com.mx\/portal\/wp-json\/wp\/v2\/categories?post=59688"},{"taxonomy":"post_tag","embeddable":true,"href":"https:\/\/laultimapalabra.com.mx\/portal\/wp-json\/wp\/v2\/tags?post=59688"}],"curies":[{"name":"wp","href":"https:\/\/api.w.org\/{rel}","templated":true}]}}