                       {"id":600,"date":"2018-03-02T02:22:42","date_gmt":"2018-03-02T02:22:42","guid":{"rendered":"http:\/\/laultimapalabra.info\/?p=600"},"modified":"2024-12-11T08:37:01","modified_gmt":"2024-12-11T14:37:01","slug":"reviven-denuncia-contra-americo","status":"publish","type":"post","link":"https:\/\/laultimapalabra.com.mx\/portal\/reviven-denuncia-contra-americo\/","title":{"rendered":"Reviven denuncia contra Am\u00e9rico"},"content":{"rendered":"<p><img loading=\"lazy\" decoding=\"async\" class=\"size-medium wp-image-602 alignleft\" src=\"https:\/\/laultimapalabra.com.mx\/portal\/wp-content\/uploads\/2018\/03\/Am\u00e9rico-Garza-Salinas-300x281.jpg\" alt=\"\" width=\"300\" height=\"281\" \/>Es acusado de desviar recursos de un programa federal a un mes de su nombramiento como subsecretario de Desarrollo Social del Estado<\/p>\n<p>Miguel Oscar P\u00e9rez<br \/>\nCD. BENITO JU\u00c1REZ<br \/>\nEran las 11:00 de la ma\u00f1ana, del martes, cuando se presentaron en la fiscal\u00eda anticorrupci\u00f3n del estado, donde el titular es el pol\u00e9mico abogado Ernesto Canales, dos mujeres, que con pruebas en mano denunciaron un desv\u00edo de recursos federales por parte del empresario-pol\u00edtico, Am\u00e9rico Garza Salinas.<br \/>\nExigieron una resoluci\u00f3n a la carpeta de la denuncia hacia Am\u00e9rico Garza Salinas, indiciados en el desv\u00edo de recursos del Programa Empleo Temporal, ya que han pasado dos a\u00f1os cumplidos el d\u00eda lunes de la presentaci\u00f3n de las denuncias de parte de la se\u00f1ora Laura Adriana Cepeda Nevarez, y la se\u00f1ora \u00c1ngeles C\u00e1rdenas Ram\u00edrez.<br \/>\nAmbas mujeres de esta ciudad se\u00f1alaron el acto de corrupci\u00f3n con pruebas de cheques entregados de forma ilegal y no solicitado por la se\u00f1ora \u00c1ngeles cuyo monto del primero cheque ya fue depositado a cajas del estado, y el segundo cheque obra en poder de la autoridad como prueba.<br \/>\nLos quejosos dijeron que se evidenciaba protecci\u00f3n e impunidad hacia el se\u00f1or Am\u00e9rico Garza Salinas, por cuanto han congelado la denuncia.<br \/>\nSe\u00f1alaron que este caso ya se hab\u00eda turnado a varios fiscales, y ninguno ha llegado a integrar la carpeta correspondiente.<br \/>\nEl fiscal en turno les mencion\u00f3 que \u00e9l acababa de recibir la carpeta reciente y que todav\u00eda no ten\u00eda oportunidad de revisarla, sin embargo se comprometi\u00f3 que para el d\u00eda 14 de marzo acudir\u00e1 a la audiencia y espera llevar integrada la carpeta de Am\u00e9rico Garza Salinas y amigos.<br \/>\nEl fiscal les aclar\u00f3 que no solo ser\u00e1 enjuiciado Am\u00e9rico Garza Salinas, sino todos los que hayan cobrado cheques de forma injustificada, ya que exigir\u00e1n pruebas de sus labores, ya que la mayor\u00eda cobraba sin trabajar, por el simple hecho de haber participado en la campa\u00f1a.<br \/>\nTrascendi\u00f3 que podr\u00eda haber alrededor de 300 personas implicadas en el desv\u00edo de recursos federales a los amigos de Am\u00e9rico, por lo que se antoja un encuentro jur\u00eddico-legal, muy fuerte a mediados der marzo.<br \/>\nTambi\u00e9n se le entreg\u00f3 un oficio con las denuncias a Manuel Florentino Gonz\u00e1lez Flores, gobernador interino del estado de Nuevo Le\u00f3n para que llame a consultas al fiscal Ernesto Canales Santos y explique porque a dos a\u00f1os de las denuncias no hay la integraci\u00f3n de la carpeta para turnarla<\/p>\n","protected":false},"excerpt":{"rendered":"<p>Es acusado de desviar recursos de un programa federal a un mes de su nombramiento como subsecretario de Desarrollo Social del Estado Miguel Oscar P\u00e9rez CD. BENITO JU\u00c1REZ Eran las 11:00 de la ma\u00f1ana, del martes, cuando se presentaron en la fiscal\u00eda anticorrupci\u00f3n del estado, donde el titular es el pol\u00e9mico abogado Ernesto Canales, dos [&hellip;]<\/p>\n","protected":false},"author":9,"featured_media":602,"comment_status":"open","ping_status":"closed","sticky":false,"template":"","format":"standard","meta":{"footnotes":""},"categories":[18,7],"tags":[121,810],"class_list":["post-600","post","type-post","status-publish","format-standard","has-post-thumbnail","hentry","category-locales-juarez","category-portada-juarez","tag-americo-garza-salinas","tag-desvio-de-recursos"],"_links":{"self":[{"href":"https:\/\/laultimapalabra.com.mx\/portal\/wp-json\/wp\/v2\/posts\/600","targetHints":{"allow":["GET"]}}],"collection":[{"href":"https:\/\/laultimapalabra.com.mx\/portal\/wp-json\/wp\/v2\/posts"}],"about":[{"href":"https:\/\/laultimapalabra.com.mx\/portal\/wp-json\/wp\/v2\/types\/post"}],"author":[{"embeddable":true,"href":"https:\/\/laultimapalabra.com.mx\/portal\/wp-json\/wp\/v2\/users\/9"}],"replies":[{"embeddable":true,"href":"https:\/\/laultimapalabra.com.mx\/portal\/wp-json\/wp\/v2\/comments?post=600"}],"version-history":[{"count":1,"href":"https:\/\/laultimapalabra.com.mx\/portal\/wp-json\/wp\/v2\/posts\/600\/revisions"}],"predecessor-version":[{"id":63373,"href":"https:\/\/laultimapalabra.com.mx\/portal\/wp-json\/wp\/v2\/posts\/600\/revisions\/63373"}],"wp:featuredmedia":[{"embeddable":true,"href":"https:\/\/laultimapalabra.com.mx\/portal\/wp-json\/"}],"wp:attachment":[{"href":"https:\/\/laultimapalabra.com.mx\/portal\/wp-json\/wp\/v2\/media?parent=600"}],"wp:term":[{"taxonomy":"category","embeddable":true,"href":"https:\/\/laultimapalabra.com.mx\/portal\/wp-json\/wp\/v2\/categories?post=600"},{"taxonomy":"post_tag","embeddable":true,"href":"https:\/\/laultimapalabra.com.mx\/portal\/wp-json\/wp\/v2\/tags?post=600"}],"curies":[{"name":"wp","href":"https:\/\/api.w.org\/{rel}","templated":true}]}}