                       {"id":60213,"date":"2024-08-16T12:25:21","date_gmt":"2024-08-16T18:25:21","guid":{"rendered":"https:\/\/laultimapalabra.com.mx\/portal\/?p=60213"},"modified":"2024-08-16T12:25:21","modified_gmt":"2024-08-16T18:25:21","slug":"lo-detienen-en-matamoros-por-homicidio-en-cadereyta","status":"publish","type":"post","link":"https:\/\/laultimapalabra.com.mx\/portal\/lo-detienen-en-matamoros-por-homicidio-en-cadereyta\/","title":{"rendered":"Lo detienen en Matamoros por homicidio en Cadereyta"},"content":{"rendered":"<p>Cadereyta Jim\u00e9nez, N.L.- El d\u00eda mi\u00e9rcoles 14 de agosto del presente a\u00f1o, fue detenido un hombre en el estado de Tamaulipas, por el presunto asesinato de un joven en la colonia Arboledas de Cadereyta en abril del 2020.<\/p>\n<p>La detenci\u00f3n del imputado se dio en la avenida Marte R. G\u00f3mez en su cruce con la avenida del Ni\u00f1o en la colonia Villa las Torres en Matamoros.<\/p>\n<p>Seg\u00fan la investigaci\u00f3n de la Fiscal\u00eda General de Justicia del Estado de Nuevo Le\u00f3n, el detenido particip\u00f3 en un ataque armado que se dio el 17 de abril del 2020 en la calle Alamillo en la colonia Arboledas, donde la v\u00edctima identificado como Jorge Luis de 26 a\u00f1os, se encontraba conviviendo con otros dos hombres y fue herido gravemente, perdiendo la vida en el hospital universitario, mientras sus acompa\u00f1antes quedaron heridos.<\/p>\n<p>El detenido es identificado como Jos\u00e9 Armando de 25 a\u00f1os de edad, fue trasladado al CERESO n\u00famero 1 en Apodaca, y ser\u00e1 procesado por los delitos de homicidio calificado y lesiones calificadas.<\/p>\n","protected":false},"excerpt":{"rendered":"<p>Cadereyta Jim\u00e9nez, N.L.- El d\u00eda mi\u00e9rcoles 14 de agosto del presente a\u00f1o, fue detenido un hombre en el estado de Tamaulipas, por el presunto asesinato de un joven en la colonia Arboledas de Cadereyta en abril del 2020. La detenci\u00f3n del imputado se dio en la avenida Marte R. G\u00f3mez en su cruce con la [&hellip;]<\/p>\n","protected":false},"author":9,"featured_media":60214,"comment_status":"closed","ping_status":"closed","sticky":false,"template":"","format":"standard","meta":{"footnotes":""},"categories":[17],"tags":[3840,9241,5859],"class_list":["post-60213","post","type-post","status-publish","format-standard","has-post-thumbnail","hentry","category-locales-cadereyta","tag-cadereyta-jimenez-nl","tag-matamoros","tag-ultimas-noticias"],"_links":{"self":[{"href":"https:\/\/laultimapalabra.com.mx\/portal\/wp-json\/wp\/v2\/posts\/60213","targetHints":{"allow":["GET"]}}],"collection":[{"href":"https:\/\/laultimapalabra.com.mx\/portal\/wp-json\/wp\/v2\/posts"}],"about":[{"href":"https:\/\/laultimapalabra.com.mx\/portal\/wp-json\/wp\/v2\/types\/post"}],"author":[{"embeddable":true,"href":"https:\/\/laultimapalabra.com.mx\/portal\/wp-json\/wp\/v2\/users\/9"}],"replies":[{"embeddable":true,"href":"https:\/\/laultimapalabra.com.mx\/portal\/wp-json\/wp\/v2\/comments?post=60213"}],"version-history":[{"count":1,"href":"https:\/\/laultimapalabra.com.mx\/portal\/wp-json\/wp\/v2\/posts\/60213\/revisions"}],"predecessor-version":[{"id":60215,"href":"https:\/\/laultimapalabra.com.mx\/portal\/wp-json\/wp\/v2\/posts\/60213\/revisions\/60215"}],"wp:featuredmedia":[{"embeddable":true,"href":"https:\/\/laultimapalabra.com.mx\/portal\/wp-json\/wp\/v2\/media\/60214"}],"wp:attachment":[{"href":"https:\/\/laultimapalabra.com.mx\/portal\/wp-json\/wp\/v2\/media?parent=60213"}],"wp:term":[{"taxonomy":"category","embeddable":true,"href":"https:\/\/laultimapalabra.com.mx\/portal\/wp-json\/wp\/v2\/categories?post=60213"},{"taxonomy":"post_tag","embeddable":true,"href":"https:\/\/laultimapalabra.com.mx\/portal\/wp-json\/wp\/v2\/tags?post=60213"}],"curies":[{"name":"wp","href":"https:\/\/api.w.org\/{rel}","templated":true}]}}