                       {"id":60368,"date":"2024-08-21T21:41:41","date_gmt":"2024-08-22T03:41:41","guid":{"rendered":"https:\/\/laultimapalabra.com.mx\/portal\/?p=60368"},"modified":"2024-08-21T21:42:34","modified_gmt":"2024-08-22T03:42:34","slug":"deja-choque-frontal-dos-lesionados-en-cadereyta-2","status":"publish","type":"post","link":"https:\/\/laultimapalabra.com.mx\/portal\/deja-choque-frontal-dos-lesionados-en-cadereyta-2\/","title":{"rendered":"Deja choque frontal dos lesionados en Cadereyta"},"content":{"rendered":"\n<p>Cadereyta Jim\u00e9nez, N.L.- La tarde del mi\u00e9rcoles, despu\u00e9s de al menos otros tres choques aparatosos, se registr\u00f3 otro choque frontal, el cual dej\u00f3 como saldo dos personas lesionadas, en el municipio de Cadereyta.<br \/>Fue a la altura del kil\u00f3metro 3 de la carretera vecinal del Ejido Palmitos, donde el conductor de una camioneta tipo Ranger de color azul se impact\u00f3 de frente contra la conductora de una camioneta tipo Escape de color rojo.<br \/>Debido al fuerte impacto ambos conductores resultaron lesionados, siendo identificados como presunto responsable Alfredo Tamez de 64 a\u00f1os de edad y mientras que la afectada se identific\u00f3 como Dolores Mu\u00f1oz de 73 a\u00f1os quienes fueron trasladados por Servicios de Emergencia Cadereyta a una cl\u00ednica para su atenci\u00f3n m\u00e9dica.<br \/>Elementos Vialidad y Tr\u00e1nsito abanderaron el sitio, mientras realizaban las labores correspondientes para deslindar responsabilidades.<\/p>\n","protected":false},"excerpt":{"rendered":"<p>Cadereyta Jim\u00e9nez, N.L.- La tarde del mi\u00e9rcoles, despu\u00e9s de al menos otros tres choques aparatosos, se registr\u00f3 otro choque frontal, el cual dej\u00f3 como saldo dos personas lesionadas, en el municipio de Cadereyta.Fue a la altura del kil\u00f3metro 3 de la carretera vecinal del Ejido Palmitos, donde el conductor de una camioneta tipo Ranger de [&hellip;]<\/p>\n","protected":false},"author":7,"featured_media":60367,"comment_status":"closed","ping_status":"closed","sticky":false,"template":"","format":"standard","meta":{"footnotes":""},"categories":[9],"tags":[541,12320,4315],"class_list":["post-60368","post","type-post","status-publish","format-standard","has-post-thumbnail","hentry","category-seguridad-cadereyta","tag-choque","tag-choque-aparatoso","tag-lesionados"],"_links":{"self":[{"href":"https:\/\/laultimapalabra.com.mx\/portal\/wp-json\/wp\/v2\/posts\/60368","targetHints":{"allow":["GET"]}}],"collection":[{"href":"https:\/\/laultimapalabra.com.mx\/portal\/wp-json\/wp\/v2\/posts"}],"about":[{"href":"https:\/\/laultimapalabra.com.mx\/portal\/wp-json\/wp\/v2\/types\/post"}],"author":[{"embeddable":true,"href":"https:\/\/laultimapalabra.com.mx\/portal\/wp-json\/wp\/v2\/users\/7"}],"replies":[{"embeddable":true,"href":"https:\/\/laultimapalabra.com.mx\/portal\/wp-json\/wp\/v2\/comments?post=60368"}],"version-history":[{"count":1,"href":"https:\/\/laultimapalabra.com.mx\/portal\/wp-json\/wp\/v2\/posts\/60368\/revisions"}],"predecessor-version":[{"id":60369,"href":"https:\/\/laultimapalabra.com.mx\/portal\/wp-json\/wp\/v2\/posts\/60368\/revisions\/60369"}],"wp:featuredmedia":[{"embeddable":true,"href":"https:\/\/laultimapalabra.com.mx\/portal\/wp-json\/wp\/v2\/media\/60367"}],"wp:attachment":[{"href":"https:\/\/laultimapalabra.com.mx\/portal\/wp-json\/wp\/v2\/media?parent=60368"}],"wp:term":[{"taxonomy":"category","embeddable":true,"href":"https:\/\/laultimapalabra.com.mx\/portal\/wp-json\/wp\/v2\/categories?post=60368"},{"taxonomy":"post_tag","embeddable":true,"href":"https:\/\/laultimapalabra.com.mx\/portal\/wp-json\/wp\/v2\/tags?post=60368"}],"curies":[{"name":"wp","href":"https:\/\/api.w.org\/{rel}","templated":true}]}}