                       {"id":60564,"date":"2024-08-27T20:06:20","date_gmt":"2024-08-28T02:06:20","guid":{"rendered":"https:\/\/laultimapalabra.com.mx\/portal\/?p=60564"},"modified":"2024-08-27T20:06:31","modified_gmt":"2024-08-28T02:06:31","slug":"resulta-herido-a-machetazos-en-guadalupe","status":"publish","type":"post","link":"https:\/\/laultimapalabra.com.mx\/portal\/resulta-herido-a-machetazos-en-guadalupe\/","title":{"rendered":"Resulta herido a machetazos en Guadalupe"},"content":{"rendered":"\n<figure class=\"wp-block-video\"><video height=\"848\" style=\"aspect-ratio: 480 \/ 848;\" width=\"480\" controls src=\"https:\/\/laultimapalabra.com.mx\/portal\/wp-content\/uploads\/2024\/08\/VID-20240827-WA0040.mp4\"><\/video><\/figure>\n\n\n\n<p><\/p>\n\n\n\n<p>Guadalupe, N.L.-Un video que fue mandado por seguidores a nuestra pagina en Facebook, caus\u00f3 gran indignaci\u00f3n por la agresion que sufri\u00f3 un hombre que viajaba a bordo de un taxi y fue agredido por varios hombres de una camioneta.<br \/>El video empez\u00f3 a circular esta tarde por varias p\u00e1ginas, sin embargo, informaci\u00f3n que nos llega de una fuente oficial, en realidad los hechos sucedieron el pasado 19 de agosto del 2021.<br \/>El lesionado fue identificado como Antonio Zamora de 42 a\u00f1os de edad quien tiene su domicilio en la colonia Independencia y quien en al momento de los hechos fue trasladado al Hospital Universitario.<\/p>\n","protected":false},"excerpt":{"rendered":"<p>Guadalupe, N.L.-Un video que fue mandado por seguidores a nuestra pagina en Facebook, caus\u00f3 gran indignaci\u00f3n por la agresion que sufri\u00f3 un hombre que viajaba a bordo de un taxi y fue agredido por varios hombres de una camioneta.El video empez\u00f3 a circular esta tarde por varias p\u00e1ginas, sin embargo, informaci\u00f3n que nos llega de [&hellip;]<\/p>\n","protected":false},"author":7,"featured_media":60563,"comment_status":"closed","ping_status":"closed","sticky":false,"template":"","format":"standard","meta":{"footnotes":""},"categories":[8],"tags":[6576,1191,11528,4733],"class_list":["post-60564","post","type-post","status-publish","format-standard","has-post-thumbnail","hentry","category-seguridad","tag-guadalupe","tag-herido","tag-rina","tag-taxista"],"_links":{"self":[{"href":"https:\/\/laultimapalabra.com.mx\/portal\/wp-json\/wp\/v2\/posts\/60564","targetHints":{"allow":["GET"]}}],"collection":[{"href":"https:\/\/laultimapalabra.com.mx\/portal\/wp-json\/wp\/v2\/posts"}],"about":[{"href":"https:\/\/laultimapalabra.com.mx\/portal\/wp-json\/wp\/v2\/types\/post"}],"author":[{"embeddable":true,"href":"https:\/\/laultimapalabra.com.mx\/portal\/wp-json\/wp\/v2\/users\/7"}],"replies":[{"embeddable":true,"href":"https:\/\/laultimapalabra.com.mx\/portal\/wp-json\/wp\/v2\/comments?post=60564"}],"version-history":[{"count":1,"href":"https:\/\/laultimapalabra.com.mx\/portal\/wp-json\/wp\/v2\/posts\/60564\/revisions"}],"predecessor-version":[{"id":60565,"href":"https:\/\/laultimapalabra.com.mx\/portal\/wp-json\/wp\/v2\/posts\/60564\/revisions\/60565"}],"wp:featuredmedia":[{"embeddable":true,"href":"https:\/\/laultimapalabra.com.mx\/portal\/wp-json\/wp\/v2\/media\/60563"}],"wp:attachment":[{"href":"https:\/\/laultimapalabra.com.mx\/portal\/wp-json\/wp\/v2\/media?parent=60564"}],"wp:term":[{"taxonomy":"category","embeddable":true,"href":"https:\/\/laultimapalabra.com.mx\/portal\/wp-json\/wp\/v2\/categories?post=60564"},{"taxonomy":"post_tag","embeddable":true,"href":"https:\/\/laultimapalabra.com.mx\/portal\/wp-json\/wp\/v2\/tags?post=60564"}],"curies":[{"name":"wp","href":"https:\/\/api.w.org\/{rel}","templated":true}]}}