                       {"id":6061,"date":"2019-02-01T02:09:22","date_gmt":"2019-02-01T02:09:22","guid":{"rendered":"http:\/\/laultimapalabra.info\/?p=6061"},"modified":"2024-12-11T08:53:39","modified_gmt":"2024-12-11T14:53:39","slug":"la-guarida-del-mapache-48","status":"publish","type":"post","link":"https:\/\/laultimapalabra.com.mx\/portal\/la-guarida-del-mapache-48\/","title":{"rendered":"La Guarida del Mapache"},"content":{"rendered":"<p style=\"text-align: justify;\"><img loading=\"lazy\" decoding=\"async\" class=\"size-medium wp-image-155 alignleft\" src=\"https:\/\/laultimapalabra.com.mx\/portal\/wp-content\/uploads\/2018\/02\/mapache-300x282.jpeg\" alt=\"\" width=\"300\" height=\"282\" \/>Por: El Mapache<\/p>\n<p style=\"text-align: justify;\">\u00bfQu\u00e9 onda raza? Pues aqu\u00ed su \u201cservilleta\u201d medio adormilado, porque la neta es que con estos climas de los \u00faltimos d\u00edas y uno comiendo, durmiendo y co..reteando a la mapacha sexie, pues como que le entra la flojera jejeje, no ya en serio mejor empecemos pa\u00b4 ver si no se me olvida nada de lo que les iba a cotorrear.<br \/>\nALCANC\u00cdA<br \/>\nPara empezar compis pues yo no s\u00e9 ustedes pero al menos yo ya comenc\u00e9 a hacer mi \u201cmarranito\u201d, ahora no para el \u201cBronco\u201d y su campa\u00f1a como hace a\u00f1os jejeje, sino ahora para mi amigo el \u201cBigotes\u201d Quintanilla y las calles de C\u00e1diz.<br \/>\nTROMPOS<br \/>\nPorque pues despu\u00e9s de que taaanto que criticaron tanto \u00e9l y su equipo de trabajo el hecho de que la gente tambi\u00e9n quer\u00eda darle material al \u201cDe$pre$iado\u201d, pero para que arreglara las luminarias, y ellos dijeran que era una verg\u00fcenza que el susodicho no cumpliera con sus obligaciones, pues ahora les toc\u00f3 morderse la lengua y recibir \u201ctrompos\u201d de concreto que regalaron los empresarios de por el libramiento.<br \/>\nBIEN COM\u00daN<br \/>\nObvio estamos de acuerdo en que si el \u201cBigotes\u201d Quintanilla no agarra el apoyo, pues a lo que se ha visto nomas vamos a seguir llenos de pozos por todos lados jejeje porque aunque vive haci\u00e9ndole \u201cplaceres\u201d a los \u201cdipus\u201d de todos los niveles, pues las gestiones que hace nom\u00e1s no se le ven resultados compis.<br \/>\nNOMAS DECIMOS<br \/>\nLo \u00fanico que se ve mal es que antes si lo criticaban y ahora como ellos lo hacen, ahora si est\u00e1 bien hecho raza jejejeje, en fin, la neta es que yo lo que busco es que me tapen esos pozotes raza que est\u00e1n en Mutualismo y Zaragoza, porque pa\u00b4 donde te hagas compis caes en pozo jejeje as\u00ed que si quiero ver que arreglen pues tendr\u00e9 que \u201cmocharme\u201d, eso s\u00ed entre tanta publicidad que se le ha estado dando a esos mega pozos, no terminan nomin\u00e1ndolo pa\u2019l premio Oscar jejeje.<br \/>\nAYER<br \/>\nAl parecer ayer taparon los mega baches de la Zaragoza con Mutualismo, ahora s\u00ed podr\u00e1 el Doc Alvaro poder utilizar su cochera, porque ni eso pod\u00eda, parecer\u00eda que estaban esperando que brotara petr\u00f3leo para taparlos!!!<br \/>\nCAMBIOS POLACOS<br \/>\nY pues los que al parecer van a tener cambio pronto dentro de la estructura es ni m\u00e1s ni menos que los tricolores, as\u00ed es compis, los pri\u00edstas de Cade pronto tendr\u00e1n nuevo dirigente, y si ya s\u00e9, lo que queda del partido obviamente, porque de que quedo medio jodi\u2026pues s\u00ed, s\u00ed qued\u00f3 y m\u00e1s con la aporreada que le pusieron en los comicios electorales pasados.<br \/>\nPROSPECTOS<br \/>\nSiempre andan varios tras el \u201chueso\u201d raza, eso ya se sabe, pero lo que si tenemos que dejar presente desde ahorita es que el que est\u00e1 llevando preferencia es ni m\u00e1s ni menos que el \u201cFer Magulloncitos\u201d, quien hay que recordar que tambi\u00e9n es el \u00fanico \u201crugi\u201d representativo del partido dentro de la administration, y que pues no es por nada pero el morrillo ah\u00ed anda jejeje.<br \/>\nGRANDE<br \/>\nAunque a decir verdad no la tendr\u00eda nada pero nada f\u00e1cil, pero quien sabe a lo mejor el beb\u00e9 que espera junto a su se\u00f1ora esposa \u201ctrae torta\u201d y hasta suerte le da al partiduco, ya lo estaremos viendo raza.<br \/>\nAL FIN<br \/>\nMientras que en tema aparte compis, d\u00e9jenme les digo que los que andan rete contentos por el \u201cbiyuyo\u201d que recibieron fue ni m\u00e1s ni menos que la raza del \u201csindi\u201d, porque traes un mes de retraso y varias pr\u00f3rrogas para el cumplimiento de sus obligaciones, el \u201cBigotes\u201d Quintanilla ya les cumpli\u00f3 y les acabo de pagar su aguinaldo, as\u00ed como lo leen, por primera vez en la historia de C\u00e1diz se paga el aguinaldo en partes y o finiquitan despu\u00e9s de un mes jejejeje ojala no se les haga costumbre, porque la raza tambi\u00e9n ocupa y espera el beneficio de su jalecito.<br \/>\nPENDULOS<br \/>\nPero que no se hagan en la administration, porque igual les falta el fondo de ahorro jejejeje no vayan a querer pagarlo hasta dentro de 5 \u00f3 6 meses compis, a como se est\u00e1n haciendo de \u201cconchuditos\u201d \u00a1eh!<br \/>\nACLARANDO NOS AMANECE<br \/>\nY a prop\u00f3sito de mi amigo el buen \u201cBigotes\u201d Quintanilla, creo que anda queriendo cambiarse de apodo raza jejeje y es que hace un d\u00eda o dos que me lo hicieron \u201cenmuinar\u201d y pos el hombre dijo as\u00ed ferozmente que \u00e9l no era un burro\u2026 \u00a1Y pues obvioooo que no lo es! Porque digo, aqu\u00ed ya sabemos que el que pega primero, pega dos veces jejeje y para \u201cburros\u201d pues ya le gan\u00f3 nuestro \u201cBurroTello\u201d Arizpe, quien se gan\u00f3 ese mote pero que si a pulso limpio raza.<br \/>\nANIMAL<br \/>\nAs\u00ed es que ser\u00e1 mejor que nuestro \u201cBigotes\u201d precioso vaya encontrando otro animalito al que se asemeje para volverlo a bautizar jejejeje aunque despu\u00e9s de haber usado el \u201cmostach\u00f3n\u201d en su campa\u00f1a polaca, pues la neta del planeta pens\u00e9 que si era de su agrado el apodito, ni hablar, \u00bfqui\u00e9n los entiende?<br \/>\nPARTYS<br \/>\nY pues bueno, el que anda \u201cenfiestado\u201d jejeje y no porque lo inviten sino porque casi, casi se invita solito es ni m\u00e1s ni menos que el \u201cGordisemaforo Cosmopolito\u201d raza, que de puras casualidades se anda apareciendo en todas las partys posibles en C\u00e1diz jejeje, as\u00ed como lo leen yo creo que hasta el pseud\u00f3nimo le vamos a cambiar por el de el \u201cHuelemoles\u201d compis jejejeje \u2026. La vemos.<\/p>\n","protected":false},"excerpt":{"rendered":"<p>Por: El Mapache \u00bfQu\u00e9 onda raza? Pues aqu\u00ed su \u201cservilleta\u201d medio adormilado, porque la neta es que con estos climas de los \u00faltimos d\u00edas y uno comiendo, durmiendo y co..reteando a la mapacha sexie, pues como que le entra la flojera jejeje, no ya en serio mejor empecemos pa\u00b4 ver si no se me olvida [&hellip;]<\/p>\n","protected":false},"author":9,"featured_media":155,"comment_status":"open","ping_status":"closed","sticky":false,"template":"","format":"standard","meta":{"footnotes":""},"categories":[1],"tags":[940],"class_list":["post-6061","post","type-post","status-publish","format-standard","has-post-thumbnail","hentry","category-noticias","tag-el-mapache-la-guarida-del-mapache"],"_links":{"self":[{"href":"https:\/\/laultimapalabra.com.mx\/portal\/wp-json\/wp\/v2\/posts\/6061","targetHints":{"allow":["GET"]}}],"collection":[{"href":"https:\/\/laultimapalabra.com.mx\/portal\/wp-json\/wp\/v2\/posts"}],"about":[{"href":"https:\/\/laultimapalabra.com.mx\/portal\/wp-json\/wp\/v2\/types\/post"}],"author":[{"embeddable":true,"href":"https:\/\/laultimapalabra.com.mx\/portal\/wp-json\/wp\/v2\/users\/9"}],"replies":[{"embeddable":true,"href":"https:\/\/laultimapalabra.com.mx\/portal\/wp-json\/wp\/v2\/comments?post=6061"}],"version-history":[{"count":1,"href":"https:\/\/laultimapalabra.com.mx\/portal\/wp-json\/wp\/v2\/posts\/6061\/revisions"}],"predecessor-version":[{"id":66258,"href":"https:\/\/laultimapalabra.com.mx\/portal\/wp-json\/wp\/v2\/posts\/6061\/revisions\/66258"}],"wp:featuredmedia":[{"embeddable":true,"href":"https:\/\/laultimapalabra.com.mx\/portal\/wp-json\/"}],"wp:attachment":[{"href":"https:\/\/laultimapalabra.com.mx\/portal\/wp-json\/wp\/v2\/media?parent=6061"}],"wp:term":[{"taxonomy":"category","embeddable":true,"href":"https:\/\/laultimapalabra.com.mx\/portal\/wp-json\/wp\/v2\/categories?post=6061"},{"taxonomy":"post_tag","embeddable":true,"href":"https:\/\/laultimapalabra.com.mx\/portal\/wp-json\/wp\/v2\/tags?post=6061"}],"curies":[{"name":"wp","href":"https:\/\/api.w.org\/{rel}","templated":true}]}}