                       {"id":6136,"date":"2019-02-07T09:59:13","date_gmt":"2019-02-07T09:59:13","guid":{"rendered":"http:\/\/laultimapalabra.info\/?p=6136"},"modified":"2024-12-11T08:53:40","modified_gmt":"2024-12-11T14:53:40","slug":"6136","status":"publish","type":"post","link":"https:\/\/laultimapalabra.com.mx\/portal\/6136\/","title":{"rendered":""},"content":{"rendered":"<p>#IMPORTANTE<\/p>\n<p><img loading=\"lazy\" decoding=\"async\" class=\"size-medium wp-image-6137 alignleft\" src=\"https:\/\/laultimapalabra.com.mx\/portal\/wp-content\/uploads\/2019\/02\/IMG-20190207-WA0000-300x300.jpg\" alt=\"\" width=\"300\" height=\"300\" \/>Entrega de apoyos con formatos temporales del Programa Pensi\u00f3n para el Bienestar de los Adultos Mayores (antes 65 y M\u00e1s) del d\u00eda 11 al 14 de febrero del presente a\u00f1o, dichos formatos se entregar\u00e1n en la ventanilla de atenci\u00f3n del programa ubicada en el primer piso de Presidencia Municipal, posteriormente se trasladar\u00e1n a Telecom Tel\u00e9grafos para retirar sus apoyos, se realizar\u00e1 por d\u00eda correspondiente a su apellido, el padr\u00f3n ser\u00e1 de 195 personas.<br \/>\nDudas y aclaraciones al tel\u00e9fono: 2690960<\/p>\n","protected":false},"excerpt":{"rendered":"<p>#IMPORTANTE Entrega de apoyos con formatos temporales del Programa Pensi\u00f3n para el Bienestar de los Adultos Mayores (antes 65 y M\u00e1s) del d\u00eda 11 al 14 de febrero del presente a\u00f1o, dichos formatos se entregar\u00e1n en la ventanilla de atenci\u00f3n del programa ubicada en el primer piso de Presidencia Municipal, posteriormente se trasladar\u00e1n a Telecom [&hellip;]<\/p>\n","protected":false},"author":9,"featured_media":6137,"comment_status":"open","ping_status":"closed","sticky":false,"template":"","format":"standard","meta":{"footnotes":""},"categories":[17],"tags":[124,302],"class_list":["post-6136","post","type-post","status-publish","format-standard","has-post-thumbnail","hentry","category-locales-cadereyta","tag-amlo","tag-bienestar-para-adultos-mayores"],"_links":{"self":[{"href":"https:\/\/laultimapalabra.com.mx\/portal\/wp-json\/wp\/v2\/posts\/6136","targetHints":{"allow":["GET"]}}],"collection":[{"href":"https:\/\/laultimapalabra.com.mx\/portal\/wp-json\/wp\/v2\/posts"}],"about":[{"href":"https:\/\/laultimapalabra.com.mx\/portal\/wp-json\/wp\/v2\/types\/post"}],"author":[{"embeddable":true,"href":"https:\/\/laultimapalabra.com.mx\/portal\/wp-json\/wp\/v2\/users\/9"}],"replies":[{"embeddable":true,"href":"https:\/\/laultimapalabra.com.mx\/portal\/wp-json\/wp\/v2\/comments?post=6136"}],"version-history":[{"count":1,"href":"https:\/\/laultimapalabra.com.mx\/portal\/wp-json\/wp\/v2\/posts\/6136\/revisions"}],"predecessor-version":[{"id":66298,"href":"https:\/\/laultimapalabra.com.mx\/portal\/wp-json\/wp\/v2\/posts\/6136\/revisions\/66298"}],"wp:featuredmedia":[{"embeddable":true,"href":"https:\/\/laultimapalabra.com.mx\/portal\/wp-json\/"}],"wp:attachment":[{"href":"https:\/\/laultimapalabra.com.mx\/portal\/wp-json\/wp\/v2\/media?parent=6136"}],"wp:term":[{"taxonomy":"category","embeddable":true,"href":"https:\/\/laultimapalabra.com.mx\/portal\/wp-json\/wp\/v2\/categories?post=6136"},{"taxonomy":"post_tag","embeddable":true,"href":"https:\/\/laultimapalabra.com.mx\/portal\/wp-json\/wp\/v2\/tags?post=6136"}],"curies":[{"name":"wp","href":"https:\/\/api.w.org\/{rel}","templated":true}]}}