                       {"id":61592,"date":"2024-10-29T15:13:49","date_gmt":"2024-10-29T21:13:49","guid":{"rendered":"https:\/\/laultimapalabra.com.mx\/portal\/?p=61592"},"modified":"2024-10-29T15:13:49","modified_gmt":"2024-10-29T21:13:49","slug":"solicitara-cadereyta-vehiculos-en-comodato-o-donacion-al-estado","status":"publish","type":"post","link":"https:\/\/laultimapalabra.com.mx\/portal\/solicitara-cadereyta-vehiculos-en-comodato-o-donacion-al-estado\/","title":{"rendered":"Solicitar\u00e1 Cadereyta veh\u00edculos en comodato o donaci\u00f3n al estado"},"content":{"rendered":"<p>&nbsp;<\/p>\n<p>Cadereyta Jim\u00e9nez, NL<\/p>\n<p>El d\u00eda de hoy, en sesi\u00f3n de cabildo, los ediles jimenenses, aprobaron que el alcalde de Cadereyta Carlos Rodr\u00edguez \u201cEl Cuate\u201d, solicite 31 veh\u00edculos al gobierno del estado, ya sea en comodato (pr\u00e9stamo) o donaci\u00f3n.<\/p>\n<p>Por unanimidad de los s\u00edndicos y regidores de los partidos representados, a mano alzada, aprobaron el dictamen donde \u201cdan luz verde\u201d al alcalde emecista para solicitar ese apoyo ala Direcci\u00f3n de Patrimonio estatal.<\/p>\n<p>Declara el dictamen que la petici\u00f3n al estado, es para dar servicio a las diferentes dependencias del gobierno de Cadereyta y el alcalde agradeci\u00f3 el apoyo del cabildo para ese reforzamiento del parque vehicular, entre los que se encuentran algunas motocicletas que se destinar\u00e1n para Seguridad P\u00fablica.<\/p>\n<p>&nbsp;<\/p>\n<p><img loading=\"lazy\" decoding=\"async\" class=\"alignnone size-medium wp-image-61594\" src=\"https:\/\/laultimapalabra.com.mx\/portal\/wp-content\/uploads\/2024\/10\/IMG-20241029-WA0015-300x200.jpg\" alt=\"\" width=\"300\" height=\"200\" srcset=\"https:\/\/laultimapalabra.com.mx\/portal\/wp-content\/uploads\/2024\/10\/IMG-20241029-WA0015-300x200.jpg 300w, https:\/\/laultimapalabra.com.mx\/portal\/wp-content\/uploads\/2024\/10\/IMG-20241029-WA0015-1024x682.jpg 1024w, https:\/\/laultimapalabra.com.mx\/portal\/wp-content\/uploads\/2024\/10\/IMG-20241029-WA0015-768x512.jpg 768w, https:\/\/laultimapalabra.com.mx\/portal\/wp-content\/uploads\/2024\/10\/IMG-20241029-WA0015-1536x1024.jpg 1536w, https:\/\/laultimapalabra.com.mx\/portal\/wp-content\/uploads\/2024\/10\/IMG-20241029-WA0015-2048x1365.jpg 2048w\" sizes=\"auto, (max-width: 300px) 100vw, 300px\" \/> <img loading=\"lazy\" decoding=\"async\" class=\"alignnone size-medium wp-image-61595\" src=\"https:\/\/laultimapalabra.com.mx\/portal\/wp-content\/uploads\/2024\/10\/IMG-20241029-WA0013-300x200.jpg\" alt=\"\" width=\"300\" height=\"200\" srcset=\"https:\/\/laultimapalabra.com.mx\/portal\/wp-content\/uploads\/2024\/10\/IMG-20241029-WA0013-300x200.jpg 300w, https:\/\/laultimapalabra.com.mx\/portal\/wp-content\/uploads\/2024\/10\/IMG-20241029-WA0013-1024x682.jpg 1024w, https:\/\/laultimapalabra.com.mx\/portal\/wp-content\/uploads\/2024\/10\/IMG-20241029-WA0013-768x512.jpg 768w, https:\/\/laultimapalabra.com.mx\/portal\/wp-content\/uploads\/2024\/10\/IMG-20241029-WA0013-1536x1024.jpg 1536w, https:\/\/laultimapalabra.com.mx\/portal\/wp-content\/uploads\/2024\/10\/IMG-20241029-WA0013-2048x1365.jpg 2048w\" sizes=\"auto, (max-width: 300px) 100vw, 300px\" \/><\/p>\n","protected":false},"excerpt":{"rendered":"<p>&nbsp; Cadereyta Jim\u00e9nez, NL El d\u00eda de hoy, en sesi\u00f3n de cabildo, los ediles jimenenses, aprobaron que el alcalde de Cadereyta Carlos Rodr\u00edguez \u201cEl Cuate\u201d, solicite 31 veh\u00edculos al gobierno del estado, ya sea en comodato (pr\u00e9stamo) o donaci\u00f3n. Por unanimidad de los s\u00edndicos y regidores de los partidos representados, a mano alzada, aprobaron el [&hellip;]<\/p>\n","protected":false},"author":9,"featured_media":61593,"comment_status":"closed","ping_status":"closed","sticky":false,"template":"","format":"standard","meta":{"footnotes":""},"categories":[17],"tags":[5255,3840,5859],"class_list":["post-61592","post","type-post","status-publish","format-standard","has-post-thumbnail","hentry","category-locales-cadereyta","tag-cabildo","tag-cadereyta-jimenez-nl","tag-ultimas-noticias"],"_links":{"self":[{"href":"https:\/\/laultimapalabra.com.mx\/portal\/wp-json\/wp\/v2\/posts\/61592","targetHints":{"allow":["GET"]}}],"collection":[{"href":"https:\/\/laultimapalabra.com.mx\/portal\/wp-json\/wp\/v2\/posts"}],"about":[{"href":"https:\/\/laultimapalabra.com.mx\/portal\/wp-json\/wp\/v2\/types\/post"}],"author":[{"embeddable":true,"href":"https:\/\/laultimapalabra.com.mx\/portal\/wp-json\/wp\/v2\/users\/9"}],"replies":[{"embeddable":true,"href":"https:\/\/laultimapalabra.com.mx\/portal\/wp-json\/wp\/v2\/comments?post=61592"}],"version-history":[{"count":1,"href":"https:\/\/laultimapalabra.com.mx\/portal\/wp-json\/wp\/v2\/posts\/61592\/revisions"}],"predecessor-version":[{"id":61596,"href":"https:\/\/laultimapalabra.com.mx\/portal\/wp-json\/wp\/v2\/posts\/61592\/revisions\/61596"}],"wp:featuredmedia":[{"embeddable":true,"href":"https:\/\/laultimapalabra.com.mx\/portal\/wp-json\/wp\/v2\/media\/61593"}],"wp:attachment":[{"href":"https:\/\/laultimapalabra.com.mx\/portal\/wp-json\/wp\/v2\/media?parent=61592"}],"wp:term":[{"taxonomy":"category","embeddable":true,"href":"https:\/\/laultimapalabra.com.mx\/portal\/wp-json\/wp\/v2\/categories?post=61592"},{"taxonomy":"post_tag","embeddable":true,"href":"https:\/\/laultimapalabra.com.mx\/portal\/wp-json\/wp\/v2\/tags?post=61592"}],"curies":[{"name":"wp","href":"https:\/\/api.w.org\/{rel}","templated":true}]}}