                       {"id":61598,"date":"2024-10-29T15:32:56","date_gmt":"2024-10-29T21:32:56","guid":{"rendered":"https:\/\/laultimapalabra.com.mx\/portal\/?p=61598"},"modified":"2024-10-29T15:32:56","modified_gmt":"2024-10-29T21:32:56","slug":"detienen-a-dos-en-cadereyta-por-delitos-contra-la-salud","status":"publish","type":"post","link":"https:\/\/laultimapalabra.com.mx\/portal\/detienen-a-dos-en-cadereyta-por-delitos-contra-la-salud\/","title":{"rendered":"Detienen a dos en Cadereyta por delitos contra la salud"},"content":{"rendered":"<p>Cadereyta, Jim\u00e9nez. N.L.-Dos hombres fueron detenidos la madrugada del domingo en la colonia L\u00e1zaro C\u00e1rdenas en el municipio de Cadereyta.<\/p>\n<p>Los ahora detenidos circulaban en un veh\u00edculo en color gris con placas de circulaci\u00f3n TGZ-866-B por las calles de la colonia mencionada en actitud sospechosa, y fueron observados por uniformados del municipio que realizaban un recorrido de rutina por lo que se le les marc\u00f3 el alto.<\/p>\n<p>Los elementos policiacos realizaron un chequeo de rutina y entre sus pertenencias se les encontr\u00f3 diferentes tipo de sustancias prohibidas por lo que fueron puestos a disposici\u00f3n del ministerio p\u00fablico para las investigaciones correspondientes.<\/p>\n<p>Los detenidos fueron identificados como Jes\u00fas Alberto y Juan Sebasti\u00e1n quienes se\u00f1alaron ser habitantes del municipio de Ju\u00e1rez.<\/p>\n","protected":false},"excerpt":{"rendered":"<p>Cadereyta, Jim\u00e9nez. N.L.-Dos hombres fueron detenidos la madrugada del domingo en la colonia L\u00e1zaro C\u00e1rdenas en el municipio de Cadereyta. Los ahora detenidos circulaban en un veh\u00edculo en color gris con placas de circulaci\u00f3n TGZ-866-B por las calles de la colonia mencionada en actitud sospechosa, y fueron observados por uniformados del municipio que realizaban un [&hellip;]<\/p>\n","protected":false},"author":9,"featured_media":61600,"comment_status":"closed","ping_status":"closed","sticky":false,"template":"","format":"standard","meta":{"footnotes":""},"categories":[17],"tags":[3840,819,5859],"class_list":["post-61598","post","type-post","status-publish","format-standard","has-post-thumbnail","hentry","category-locales-cadereyta","tag-cadereyta-jimenez-nl","tag-detenido","tag-ultimas-noticias"],"_links":{"self":[{"href":"https:\/\/laultimapalabra.com.mx\/portal\/wp-json\/wp\/v2\/posts\/61598","targetHints":{"allow":["GET"]}}],"collection":[{"href":"https:\/\/laultimapalabra.com.mx\/portal\/wp-json\/wp\/v2\/posts"}],"about":[{"href":"https:\/\/laultimapalabra.com.mx\/portal\/wp-json\/wp\/v2\/types\/post"}],"author":[{"embeddable":true,"href":"https:\/\/laultimapalabra.com.mx\/portal\/wp-json\/wp\/v2\/users\/9"}],"replies":[{"embeddable":true,"href":"https:\/\/laultimapalabra.com.mx\/portal\/wp-json\/wp\/v2\/comments?post=61598"}],"version-history":[{"count":1,"href":"https:\/\/laultimapalabra.com.mx\/portal\/wp-json\/wp\/v2\/posts\/61598\/revisions"}],"predecessor-version":[{"id":61601,"href":"https:\/\/laultimapalabra.com.mx\/portal\/wp-json\/wp\/v2\/posts\/61598\/revisions\/61601"}],"wp:featuredmedia":[{"embeddable":true,"href":"https:\/\/laultimapalabra.com.mx\/portal\/wp-json\/wp\/v2\/media\/61600"}],"wp:attachment":[{"href":"https:\/\/laultimapalabra.com.mx\/portal\/wp-json\/wp\/v2\/media?parent=61598"}],"wp:term":[{"taxonomy":"category","embeddable":true,"href":"https:\/\/laultimapalabra.com.mx\/portal\/wp-json\/wp\/v2\/categories?post=61598"},{"taxonomy":"post_tag","embeddable":true,"href":"https:\/\/laultimapalabra.com.mx\/portal\/wp-json\/wp\/v2\/tags?post=61598"}],"curies":[{"name":"wp","href":"https:\/\/api.w.org\/{rel}","templated":true}]}}