                       {"id":61671,"date":"2024-11-01T10:49:23","date_gmt":"2024-11-01T16:49:23","guid":{"rendered":"https:\/\/laultimapalabra.com.mx\/portal\/?p=61671"},"modified":"2024-11-01T10:49:23","modified_gmt":"2024-11-01T16:49:23","slug":"arranca-el-cuate-fumigacion-de-panteones","status":"publish","type":"post","link":"https:\/\/laultimapalabra.com.mx\/portal\/arranca-el-cuate-fumigacion-de-panteones\/","title":{"rendered":"Arranca &#8220;El Cuate&#8221; fumigaci\u00f3n de panteones"},"content":{"rendered":"<p>Cadereyta Jim\u00e9nez, N.L.<br \/>\nA las 16:30 horas se ayer, el alcalde de Cadereyta, Carlos Rafael Rodr\u00edguez &#8220;El Cuate&#8221;, supervis\u00f3 el inicio de la fumigaci\u00f3n de los panteones municipales, para abatir la presencia de vectores transmisores del dengue en la celebraci\u00f3n del &#8220;D\u00eda de Muertes&#8221;.<br \/>\nSe\u00f1al\u00f3 que el l\u00edquido fumigante no es perjuidcial para el ser humano y anunci\u00f3 que pronto se adquirir\u00e1 un nuevo aspersor m\u00e1s grande, que ser\u00e1 operado desde un veh\u00edculo.<br \/>\nMencion\u00f3 adem\u00e1s que los panteones privados que requieran el apoyo, pueden acercarse al gobierno municipal para otorgar el servicio.<\/p>\n<div style=\"width: 740px;\" class=\"wp-video\"><video class=\"wp-video-shortcode\" id=\"video-61671-1\" width=\"740\" height=\"419\" preload=\"metadata\" controls=\"controls\"><source type=\"video\/mp4\" src=\"https:\/\/laultimapalabra.com.mx\/portal\/wp-content\/uploads\/2024\/11\/video-fumigaciones.mp4?_=1\" \/><a href=\"https:\/\/laultimapalabra.com.mx\/portal\/wp-content\/uploads\/2024\/11\/video-fumigaciones.mp4\">https:\/\/laultimapalabra.com.mx\/portal\/wp-content\/uploads\/2024\/11\/video-fumigaciones.mp4<\/a><\/video><\/div>\n<p>&nbsp;<\/p>\n","protected":false},"excerpt":{"rendered":"<p>Cadereyta Jim\u00e9nez, N.L. A las 16:30 horas se ayer, el alcalde de Cadereyta, Carlos Rafael Rodr\u00edguez &#8220;El Cuate&#8221;, supervis\u00f3 el inicio de la fumigaci\u00f3n de los panteones municipales, para abatir la presencia de vectores transmisores del dengue en la celebraci\u00f3n del &#8220;D\u00eda de Muertes&#8221;. Se\u00f1al\u00f3 que el l\u00edquido fumigante no es perjuidcial para el ser [&hellip;]<\/p>\n","protected":false},"author":14,"featured_media":61673,"comment_status":"closed","ping_status":"closed","sticky":false,"template":"","format":"standard","meta":{"footnotes":""},"categories":[17],"tags":[12368,3840,12377,2516,5859],"class_list":["post-61671","post","type-post","status-publish","format-standard","has-post-thumbnail","hentry","category-locales-cadereyta","tag-alcalde-carlos-rodriguez-el-cuate","tag-cadereyta-jimenez-nl","tag-fumigaciones","tag-panteones-cadereyta","tag-ultimas-noticias"],"_links":{"self":[{"href":"https:\/\/laultimapalabra.com.mx\/portal\/wp-json\/wp\/v2\/posts\/61671","targetHints":{"allow":["GET"]}}],"collection":[{"href":"https:\/\/laultimapalabra.com.mx\/portal\/wp-json\/wp\/v2\/posts"}],"about":[{"href":"https:\/\/laultimapalabra.com.mx\/portal\/wp-json\/wp\/v2\/types\/post"}],"author":[{"embeddable":true,"href":"https:\/\/laultimapalabra.com.mx\/portal\/wp-json\/wp\/v2\/users\/14"}],"replies":[{"embeddable":true,"href":"https:\/\/laultimapalabra.com.mx\/portal\/wp-json\/wp\/v2\/comments?post=61671"}],"version-history":[{"count":1,"href":"https:\/\/laultimapalabra.com.mx\/portal\/wp-json\/wp\/v2\/posts\/61671\/revisions"}],"predecessor-version":[{"id":61674,"href":"https:\/\/laultimapalabra.com.mx\/portal\/wp-json\/wp\/v2\/posts\/61671\/revisions\/61674"}],"wp:featuredmedia":[{"embeddable":true,"href":"https:\/\/laultimapalabra.com.mx\/portal\/wp-json\/wp\/v2\/media\/61673"}],"wp:attachment":[{"href":"https:\/\/laultimapalabra.com.mx\/portal\/wp-json\/wp\/v2\/media?parent=61671"}],"wp:term":[{"taxonomy":"category","embeddable":true,"href":"https:\/\/laultimapalabra.com.mx\/portal\/wp-json\/wp\/v2\/categories?post=61671"},{"taxonomy":"post_tag","embeddable":true,"href":"https:\/\/laultimapalabra.com.mx\/portal\/wp-json\/wp\/v2\/tags?post=61671"}],"curies":[{"name":"wp","href":"https:\/\/api.w.org\/{rel}","templated":true}]}}