                       {"id":61743,"date":"2024-11-01T15:33:38","date_gmt":"2024-11-01T21:33:38","guid":{"rendered":"https:\/\/laultimapalabra.com.mx\/portal\/?p=61743"},"modified":"2024-11-01T15:33:38","modified_gmt":"2024-11-01T21:33:38","slug":"se-llena-de-vida-el-dia-de-muertos","status":"publish","type":"post","link":"https:\/\/laultimapalabra.com.mx\/portal\/se-llena-de-vida-el-dia-de-muertos\/","title":{"rendered":"Se llena de vida el &#8220;D\u00eda de Muertos&#8221;"},"content":{"rendered":"<p>Ju\u00e1rez, N.L.<\/p>\n<p>El intenso olor a flores de cempaz\u00fachil, rodea la entrada al pante\u00f3n municipal de Cadereyta, mientras que los coloridos puestos de coronas y ramos esperan la clientela en este primer d\u00eda de muertos.<\/p>\n<p>El olor a churros, pan de muerto y otros alimentos llegan al olfato de los visitantes en un ambiente de fiesta, folklore, tradici\u00f3n y muchos recuerdos.<\/p>\n<p>Aunque son escasos los visitantes en el primer d\u00eda dedicado a los ni\u00f1os fallecidos, la solemnidad y la tristeza se mezclan con la fiesta en el pante\u00f3n m\u00e1s antiguo de Cadereyta.<\/p>\n<p>El d\u00eda de ma\u00f1ana se inundar\u00e1 de gente, m\u00fasicos, y aparte de visitar a sus muertos, la gente se reencontrar\u00e1 con algunos familiares que coincidir\u00e1n en el lugar y en los recuerdos.<\/p>\n<p>&nbsp;<\/p>\n<p>&nbsp;<\/p>\n","protected":false},"excerpt":{"rendered":"<p>Ju\u00e1rez, N.L. El intenso olor a flores de cempaz\u00fachil, rodea la entrada al pante\u00f3n municipal de Cadereyta, mientras que los coloridos puestos de coronas y ramos esperan la clientela en este primer d\u00eda de muertos. El olor a churros, pan de muerto y otros alimentos llegan al olfato de los visitantes en un ambiente de [&hellip;]<\/p>\n","protected":false},"author":9,"featured_media":61744,"comment_status":"closed","ping_status":"closed","sticky":false,"template":"","format":"standard","meta":{"footnotes":""},"categories":[17],"tags":[3840,5936,5859],"class_list":["post-61743","post","type-post","status-publish","format-standard","has-post-thumbnail","hentry","category-locales-cadereyta","tag-cadereyta-jimenez-nl","tag-panteon","tag-ultimas-noticias"],"_links":{"self":[{"href":"https:\/\/laultimapalabra.com.mx\/portal\/wp-json\/wp\/v2\/posts\/61743","targetHints":{"allow":["GET"]}}],"collection":[{"href":"https:\/\/laultimapalabra.com.mx\/portal\/wp-json\/wp\/v2\/posts"}],"about":[{"href":"https:\/\/laultimapalabra.com.mx\/portal\/wp-json\/wp\/v2\/types\/post"}],"author":[{"embeddable":true,"href":"https:\/\/laultimapalabra.com.mx\/portal\/wp-json\/wp\/v2\/users\/9"}],"replies":[{"embeddable":true,"href":"https:\/\/laultimapalabra.com.mx\/portal\/wp-json\/wp\/v2\/comments?post=61743"}],"version-history":[{"count":1,"href":"https:\/\/laultimapalabra.com.mx\/portal\/wp-json\/wp\/v2\/posts\/61743\/revisions"}],"predecessor-version":[{"id":61745,"href":"https:\/\/laultimapalabra.com.mx\/portal\/wp-json\/wp\/v2\/posts\/61743\/revisions\/61745"}],"wp:featuredmedia":[{"embeddable":true,"href":"https:\/\/laultimapalabra.com.mx\/portal\/wp-json\/wp\/v2\/media\/61744"}],"wp:attachment":[{"href":"https:\/\/laultimapalabra.com.mx\/portal\/wp-json\/wp\/v2\/media?parent=61743"}],"wp:term":[{"taxonomy":"category","embeddable":true,"href":"https:\/\/laultimapalabra.com.mx\/portal\/wp-json\/wp\/v2\/categories?post=61743"},{"taxonomy":"post_tag","embeddable":true,"href":"https:\/\/laultimapalabra.com.mx\/portal\/wp-json\/wp\/v2\/tags?post=61743"}],"curies":[{"name":"wp","href":"https:\/\/api.w.org\/{rel}","templated":true}]}}