                       {"id":61747,"date":"2024-11-01T15:42:57","date_gmt":"2024-11-01T21:42:57","guid":{"rendered":"https:\/\/laultimapalabra.com.mx\/portal\/?p=61747"},"modified":"2024-11-01T15:42:57","modified_gmt":"2024-11-01T21:42:57","slug":"inicia-en-juarez-celebracion-del-dia-de-muertos","status":"publish","type":"post","link":"https:\/\/laultimapalabra.com.mx\/portal\/inicia-en-juarez-celebracion-del-dia-de-muertos\/","title":{"rendered":"Inicia en Ju\u00e1rez celebracion del D\u00eda de Muertos"},"content":{"rendered":"<p>Ju\u00e1rez, N.L.<\/p>\n<p>Con un altar en honor a Benito Ju\u00e1rez junto al kiosco de la plaza principal, un desfile de catrinas y presentaciones de danza y canto, este viernes dio inicio el Municipio de Ju\u00e1rez, con la presencia del Alcalde F\u00e9lix Arratia, junto a su esposa M\u00f3nica Oyervides, Presienta del Dif Municipal, la celebraci\u00f3n del D\u00eda de Muertos.<\/p>\n<p>Al inicio del evento, el Alcalde juarense dirigi\u00f3 un mensaje a los alumnos de la Escuela Primaria Petra Benavides de Salinas, que acudieron como invitados especiales.<\/p>\n<p>&#8220;Ni\u00f1as y ni\u00f1os, es un gusto estar aqu\u00ed con ustedes, verles y conocerles. El D\u00eda de Muertos es una tradici\u00f3n mexicana que nos hace especiales frente a otras culturas, otros pa\u00edses. Una tradici\u00f3n que implica el representarnos en este caso como mexicanos&#8221;, expres\u00f3 Arratia.<\/p>\n<p>&#8220;Y es un d\u00eda importante para recordar a las personas que ya no est\u00e1n con nosotros, recordar a nuestros abuelos, recordar a nuestros familiares, pero sobre todo tambi\u00e9n tener esa convivencia familiar (durante la celebraci\u00f3n)&#8221;, a\u00f1adi\u00f3.<\/p>\n<p>El Mun\u00edcipe juarense exhort\u00f3 a los alumnos presentes a esforzarse en sus estudios y cumplir con las tareas para lograr sus objetivos, y puso como ejemplo a Benito Ju\u00e1rez.<\/p>\n<p>&#8220;Hoy decidimos como Administraci\u00f3n hacer el altar de muertos para alguien tambi\u00e9n muy importante para nosotros: Benito Ju\u00e1rez&#8230;un \u00edcono de nuestro pa\u00eds, porque a pesar de las adversidades pudo cumplir sus objetivos y sus sue\u00f1os&#8221;, dijo el Alcalde juarense.<\/p>\n<p>En el evento tambi\u00e9n participaron maestros y alumnos del Conalep Don Benjam\u00edn Salinas Westrup y del Cecyte plantel Ju\u00e1rez.<\/p>\n<p>La Casa de la Cultura de Ju\u00e1rez invit\u00f3 a la ciudadan\u00eda a un Festival del D\u00eda de Muertos a partir de las 18:00 horas del viernes en la plaza principal, con un concursos de catrinas y catrines, presentaciones de danza y canto, entre otras actividades.<\/p>\n<p>&nbsp;<\/p>\n<p>&nbsp;<\/p>\n","protected":false},"excerpt":{"rendered":"<p>Ju\u00e1rez, N.L. Con un altar en honor a Benito Ju\u00e1rez junto al kiosco de la plaza principal, un desfile de catrinas y presentaciones de danza y canto, este viernes dio inicio el Municipio de Ju\u00e1rez, con la presencia del Alcalde F\u00e9lix Arratia, junto a su esposa M\u00f3nica Oyervides, Presienta del Dif Municipal, la celebraci\u00f3n del [&hellip;]<\/p>\n","protected":false},"author":9,"featured_media":61748,"comment_status":"closed","ping_status":"closed","sticky":false,"template":"","format":"standard","meta":{"footnotes":""},"categories":[18],"tags":[3590,5859],"class_list":["post-61747","post","type-post","status-publish","format-standard","has-post-thumbnail","hentry","category-locales-juarez","tag-juarez-nl","tag-ultimas-noticias"],"_links":{"self":[{"href":"https:\/\/laultimapalabra.com.mx\/portal\/wp-json\/wp\/v2\/posts\/61747","targetHints":{"allow":["GET"]}}],"collection":[{"href":"https:\/\/laultimapalabra.com.mx\/portal\/wp-json\/wp\/v2\/posts"}],"about":[{"href":"https:\/\/laultimapalabra.com.mx\/portal\/wp-json\/wp\/v2\/types\/post"}],"author":[{"embeddable":true,"href":"https:\/\/laultimapalabra.com.mx\/portal\/wp-json\/wp\/v2\/users\/9"}],"replies":[{"embeddable":true,"href":"https:\/\/laultimapalabra.com.mx\/portal\/wp-json\/wp\/v2\/comments?post=61747"}],"version-history":[{"count":1,"href":"https:\/\/laultimapalabra.com.mx\/portal\/wp-json\/wp\/v2\/posts\/61747\/revisions"}],"predecessor-version":[{"id":61749,"href":"https:\/\/laultimapalabra.com.mx\/portal\/wp-json\/wp\/v2\/posts\/61747\/revisions\/61749"}],"wp:featuredmedia":[{"embeddable":true,"href":"https:\/\/laultimapalabra.com.mx\/portal\/wp-json\/wp\/v2\/media\/61748"}],"wp:attachment":[{"href":"https:\/\/laultimapalabra.com.mx\/portal\/wp-json\/wp\/v2\/media?parent=61747"}],"wp:term":[{"taxonomy":"category","embeddable":true,"href":"https:\/\/laultimapalabra.com.mx\/portal\/wp-json\/wp\/v2\/categories?post=61747"},{"taxonomy":"post_tag","embeddable":true,"href":"https:\/\/laultimapalabra.com.mx\/portal\/wp-json\/wp\/v2\/tags?post=61747"}],"curies":[{"name":"wp","href":"https:\/\/api.w.org\/{rel}","templated":true}]}}