                       {"id":6179,"date":"2019-02-08T01:57:13","date_gmt":"2019-02-08T01:57:13","guid":{"rendered":"http:\/\/laultimapalabra.info\/?p=6179"},"modified":"2024-12-11T08:53:41","modified_gmt":"2024-12-11T14:53:41","slug":"hallan-en-cadereyta-pista-de-diana-itzel","status":"publish","type":"post","link":"https:\/\/laultimapalabra.com.mx\/portal\/hallan-en-cadereyta-pista-de-diana-itzel\/","title":{"rendered":"Hallan en Cadereyta pista de Diana Itzel"},"content":{"rendered":"<p style=\"text-align: justify;\"><img loading=\"lazy\" decoding=\"async\" class=\"size-medium wp-image-6180 alignleft\" src=\"https:\/\/laultimapalabra.com.mx\/portal\/wp-content\/uploads\/2019\/02\/ITZEL-300x225.jpg\" alt=\"\" width=\"300\" height=\"225\" \/>CADEREYTA JIM\u00c9NEZ, N.L.-<br \/>\nA pocos d\u00edas de cumplirse un mes de la desaparici\u00f3n de Diana Itzel Cuevas Uribe, una jovencita de 20 a\u00f1os desaparecida en la capital del pa\u00eds, Cadereyta es la \u00faltima pista que se tiene y donde es buscada.<br \/>\nEn esta ciudad, es donde se localiza la \u00faltima se\u00f1al de su celular y aunque no se especifica el lugar por el sigilo de las investigaciones, es donde se centran las investigaciones para tratar de dar con pistas importantes que pudieran llevar a la localizaci\u00f3n de la estudiante.<br \/>\nEl 11 de febrero Diana Itzel abandon\u00f3 su casa para dirigirse a la escuela donde estudiaba Educaci\u00f3n Especial, abordando el metro en una de las estaciones de Iztapalapa en la CDMX.<br \/>\nLa \u00faltima vez que se le vio fue en una estaci\u00f3n llamada Salto del Agua, donde transbordar\u00eda de tren, pero hasta all\u00ed llegan las im\u00e1genes.<br \/>\nLa madre desesperada denuncio a las 23 horas de ese d\u00eda la desaparici\u00f3n de la estudiante, cuyo caso caus\u00f3 la alarma en todo el pa\u00eds en cuanto a la p\u00e9rdida de jovencitas en diferentes estados.<br \/>\nLa Procuradur\u00eda General de Justicia de la CDMX sigui\u00f3 la ruta del GPS del tel\u00e9fono celular de Diana Itzel y le informaron a la angustiada madre que el rastro llegaba a la ciudad de Cadereyta Jim\u00e9nez, Nuevo Le\u00f3n, por lo que se dio aviso a varias corporaciones de este estado los datos obtenidos y as\u00ed iniciar la b\u00fasqueda en la capital escobera.<br \/>\nUn grupo de agentes comisionado busca en esta ciudad alg\u00fan indicio que pudiera dar con el paradero de la estudiante en Cadereyta, sin embargo no se han hecho p\u00fablicos los resultados hasta el momento.<br \/>\nLa familia de Diana Itzel no ha obtenido m\u00e1s informaci\u00f3n, pero contin\u00faa en su b\u00fasqueda en esta ciudad, en tanto no salgan nuevos datos sobre el caso que mantiene en suspenso a todo M\u00e9xico.<\/p>\n","protected":false},"excerpt":{"rendered":"<p>CADEREYTA JIM\u00c9NEZ, N.L.- A pocos d\u00edas de cumplirse un mes de la desaparici\u00f3n de Diana Itzel Cuevas Uribe, una jovencita de 20 a\u00f1os desaparecida en la capital del pa\u00eds, Cadereyta es la \u00faltima pista que se tiene y donde es buscada. En esta ciudad, es donde se localiza la \u00faltima se\u00f1al de su celular y [&hellip;]<\/p>\n","protected":false},"author":9,"featured_media":6180,"comment_status":"open","ping_status":"closed","sticky":false,"template":"","format":"standard","meta":{"footnotes":""},"categories":[17,8,9],"tags":[845,1774],"class_list":["post-6179","post","type-post","status-publish","format-standard","has-post-thumbnail","hentry","category-locales-cadereyta","category-seguridad","category-seguridad-cadereyta","tag-diana-itzel-cuevas-uribe","tag-personas-extraviadas-en-cadereyta"],"_links":{"self":[{"href":"https:\/\/laultimapalabra.com.mx\/portal\/wp-json\/wp\/v2\/posts\/6179","targetHints":{"allow":["GET"]}}],"collection":[{"href":"https:\/\/laultimapalabra.com.mx\/portal\/wp-json\/wp\/v2\/posts"}],"about":[{"href":"https:\/\/laultimapalabra.com.mx\/portal\/wp-json\/wp\/v2\/types\/post"}],"author":[{"embeddable":true,"href":"https:\/\/laultimapalabra.com.mx\/portal\/wp-json\/wp\/v2\/users\/9"}],"replies":[{"embeddable":true,"href":"https:\/\/laultimapalabra.com.mx\/portal\/wp-json\/wp\/v2\/comments?post=6179"}],"version-history":[{"count":1,"href":"https:\/\/laultimapalabra.com.mx\/portal\/wp-json\/wp\/v2\/posts\/6179\/revisions"}],"predecessor-version":[{"id":66320,"href":"https:\/\/laultimapalabra.com.mx\/portal\/wp-json\/wp\/v2\/posts\/6179\/revisions\/66320"}],"wp:featuredmedia":[{"embeddable":true,"href":"https:\/\/laultimapalabra.com.mx\/portal\/wp-json\/"}],"wp:attachment":[{"href":"https:\/\/laultimapalabra.com.mx\/portal\/wp-json\/wp\/v2\/media?parent=6179"}],"wp:term":[{"taxonomy":"category","embeddable":true,"href":"https:\/\/laultimapalabra.com.mx\/portal\/wp-json\/wp\/v2\/categories?post=6179"},{"taxonomy":"post_tag","embeddable":true,"href":"https:\/\/laultimapalabra.com.mx\/portal\/wp-json\/wp\/v2\/tags?post=6179"}],"curies":[{"name":"wp","href":"https:\/\/api.w.org\/{rel}","templated":true}]}}