                       {"id":6182,"date":"2019-02-08T02:00:28","date_gmt":"2019-02-08T02:00:28","guid":{"rendered":"http:\/\/laultimapalabra.info\/?p=6182"},"modified":"2024-12-11T08:53:41","modified_gmt":"2024-12-11T14:53:41","slug":"don-juventino-cortez-sigue-desaparecido","status":"publish","type":"post","link":"https:\/\/laultimapalabra.com.mx\/portal\/don-juventino-cortez-sigue-desaparecido\/","title":{"rendered":"Don Juventino Cortez sigue desaparecido"},"content":{"rendered":"<p style=\"text-align: justify;\">*Cumple el abuelito dos semanas perdido.<\/p>\n<p style=\"text-align: justify;\"><img loading=\"lazy\" decoding=\"async\" class=\"size-medium wp-image-6183 alignright\" src=\"https:\/\/laultimapalabra.com.mx\/portal\/wp-content\/uploads\/2019\/02\/d4206a25-1bb8-43fc-8289-c7a333ca8a58-copia-300x217.jpg\" alt=\"\" width=\"300\" height=\"217\" \/>CADEREYTA JIM\u00c9NEZ, N.L.-<br \/>\nSe acrecenta el temor de la familia de don Juventino Cortez Vargas de 84 a\u00f1os de edad, desaparecido hace dos semanas.<br \/>\nLa \u00faltima informaci\u00f3n es que don Juventino, quien es vecino de la comunidad La Chueca, donde fue visto por \u00faltima vez.<br \/>\nSeg\u00fan las versiones de sus familiares, el abuelito de avanzada edad se dirig\u00eda a la comunidad de El Refugio, pero desde ese momento ya no se supo de \u00e9l.<br \/>\nEl abuelito es de complexi\u00f3n delgada, tiene ojos peque\u00f1os de color gris, pelo cano, corto y lacio y de una estatura de 1.55 metros y de boca y nariz medianas.<br \/>\nAunque al parecer primero no se reportaron padecimientos, ahora se dice que don \u201cJuve\u201d, como algunos lo conocen, padece de Alzheimer<br \/>\nAl momento de extraviarse, el ancianito vest\u00eda una chamarra color beige, y pantal\u00f3n del mismo color, adem\u00e1s de huaraches de vaqueta en color vino.<br \/>\nLos familiares agregan que llevaba con \u00e9l una bolsa con unos zapatos y un sombrero con una leve quemadura en uno de sus extremos.<br \/>\nEl Grupo Especializado de B\u00fasqueda Inmediata (GEBI) quien puso a disposici\u00f3n de la ciudadan\u00eda los tel\u00e9fonos (81) 20 20 57 00 (81) 20 20 51 58 para reportar cualquier pista o dato que sirviera para su localizaci\u00f3n.<br \/>\nLa familia de do Juventino, tambi\u00e9n puso a disposici\u00f3n el tel\u00e9fono celular 8281032444 para cualquier dato.<\/p>\n","protected":false},"excerpt":{"rendered":"<p>*Cumple el abuelito dos semanas perdido. CADEREYTA JIM\u00c9NEZ, N.L.- Se acrecenta el temor de la familia de don Juventino Cortez Vargas de 84 a\u00f1os de edad, desaparecido hace dos semanas. La \u00faltima informaci\u00f3n es que don Juventino, quien es vecino de la comunidad La Chueca, donde fue visto por \u00faltima vez. Seg\u00fan las versiones de [&hellip;]<\/p>\n","protected":false},"author":9,"featured_media":6183,"comment_status":"open","ping_status":"closed","sticky":false,"template":"","format":"standard","meta":{"footnotes":""},"categories":[17,8,9],"tags":[1371,1774],"class_list":["post-6182","post","type-post","status-publish","format-standard","has-post-thumbnail","hentry","category-locales-cadereyta","category-seguridad","category-seguridad-cadereyta","tag-juventino-cortez-vargas","tag-personas-extraviadas-en-cadereyta"],"_links":{"self":[{"href":"https:\/\/laultimapalabra.com.mx\/portal\/wp-json\/wp\/v2\/posts\/6182","targetHints":{"allow":["GET"]}}],"collection":[{"href":"https:\/\/laultimapalabra.com.mx\/portal\/wp-json\/wp\/v2\/posts"}],"about":[{"href":"https:\/\/laultimapalabra.com.mx\/portal\/wp-json\/wp\/v2\/types\/post"}],"author":[{"embeddable":true,"href":"https:\/\/laultimapalabra.com.mx\/portal\/wp-json\/wp\/v2\/users\/9"}],"replies":[{"embeddable":true,"href":"https:\/\/laultimapalabra.com.mx\/portal\/wp-json\/wp\/v2\/comments?post=6182"}],"version-history":[{"count":1,"href":"https:\/\/laultimapalabra.com.mx\/portal\/wp-json\/wp\/v2\/posts\/6182\/revisions"}],"predecessor-version":[{"id":66322,"href":"https:\/\/laultimapalabra.com.mx\/portal\/wp-json\/wp\/v2\/posts\/6182\/revisions\/66322"}],"wp:featuredmedia":[{"embeddable":true,"href":"https:\/\/laultimapalabra.com.mx\/portal\/wp-json\/"}],"wp:attachment":[{"href":"https:\/\/laultimapalabra.com.mx\/portal\/wp-json\/wp\/v2\/media?parent=6182"}],"wp:term":[{"taxonomy":"category","embeddable":true,"href":"https:\/\/laultimapalabra.com.mx\/portal\/wp-json\/wp\/v2\/categories?post=6182"},{"taxonomy":"post_tag","embeddable":true,"href":"https:\/\/laultimapalabra.com.mx\/portal\/wp-json\/wp\/v2\/tags?post=6182"}],"curies":[{"name":"wp","href":"https:\/\/api.w.org\/{rel}","templated":true}]}}