                       {"id":6198,"date":"2019-02-08T02:19:37","date_gmt":"2019-02-08T02:19:37","guid":{"rendered":"http:\/\/laultimapalabra.info\/?p=6198"},"modified":"2024-12-11T08:53:41","modified_gmt":"2024-12-11T14:53:41","slug":"el-quemador-51","status":"publish","type":"post","link":"https:\/\/laultimapalabra.com.mx\/portal\/el-quemador-51\/","title":{"rendered":"El Quemador"},"content":{"rendered":"<p style=\"text-align: justify;\"><img loading=\"lazy\" decoding=\"async\" class=\"size-medium wp-image-159 alignleft\" src=\"https:\/\/laultimapalabra.com.mx\/portal\/wp-content\/uploads\/2018\/02\/Banner-Caliente-copia-300x171.jpg\" alt=\"\" width=\"300\" height=\"171\" \/>Por: El Repre<\/p>\n<p style=\"text-align: justify;\">RETARDADOS<br \/>\nIniciamos esta columneja avis\u00e1ndoles que tengan cuidado con las llegadas tarde, pues el pasado fin de semana se quedaron fuera varios compa\u00f1eros por llegar despu\u00e9s de la hora estipulada en el CCTV\u2026gracias a algunos comisionados del sindicato se logro que fueran aceptados a laborar, pero ya qued\u00f3 el antecedente que ser\u00e1 por \u00fanica ocasi\u00f3n\u2026as\u00ed que a madrugar para que no les sea negado el acceso y se queden sin cobrar un d\u00eda de trabajo!!<br \/>\nINCONFORMES<br \/>\nEl mismo d\u00eda que a los compa\u00f1eros les negaron el acceso los delegados departamentales difundieron un comunicado en los grupos de WhatsApp donde se menciona la Cl 43 que hace alusi\u00f3n a los horarios de entrada y tiempo de tolerancia\u2026esto motivo a que varios compitas mostraran su inconformidad y arremetieran contra los delegados pues sienten que les violan los derechos sindicales\u2026nomas lo que es compitas, hay que ser responsables!!<br \/>\nCUMPLIR<br \/>\nPara quienes llegan temprano no ser\u00e1 molestia ni aplicable el tiempo de tolerancia\u2026pero para los que siempre llegan corriendo pues ser\u00e1 mejor que pongan el gallo m\u00e1s temprano para llegar a tiempo al jale y as\u00ed evitar problemas en el acceso a sus labores\u2026as\u00ed de f\u00e1cil!!<br \/>\nDE DIEZ<br \/>\nUn tremendo diezote se llev\u00f3 la gerencia por la manota de gato que le dieron a los estacionamientos de la refi\u2026y es que acaban de darles mantenimiento y la verdad quedaron de lujo, muy limpios, sin obst\u00e1culos y bien pintaditos\u2026bien por nuestro Gerente el buen Inge Abner Santamar\u00eda que se ve trae bien puesta la camiseta y anda con todas las pilas!!<br \/>\nACTITUD<br \/>\nA prop\u00f3sito del estacionamiento, de nueva cuenta se dieron casos de compa\u00f1eros que enfrentaron verbalmente a los vigilantes cuando no los dejaban estacionarse en la calzada de acceso a la refi\u2026todo porque les ped\u00edan que metieran sus coches al estacionamiento al oriente del ETA y los propietarios no quieren caminar\u2026pues la soluci\u00f3n es llegar m\u00e1s temprano y as\u00ed quedar m\u00e1s cerca de la entrada!!<br \/>\nFELICITACI\u00d3N<br \/>\nY de las apabulladas centrales Contra Incendio nos piden mandemos una felicitaci\u00f3n al \u201cJefazo\u201d Conti que cumpli\u00f3 un a\u00f1o m\u00e1s en este mundo y se dio el tiempo para compartir el pan y la sal con los compa\u00f1eros de su departamento, quienes a su vez le han deseado lo mejor y al un\u00edsono le gritaron un: \u201cahora si hay Jefe\u201d\u2026bien querido el buen Conti!!<br \/>\nEL IN\u00daTIL<br \/>\nY s\u00ed, la verdad que este Conti si le sabe al tema de la jefatura, es emp\u00e1tico, responsable, buena onda, sabe dar \u00f3rdenes, es educado y lo mejor es que conoce y sabe hacer bien su trabajo\u2026no como el in\u00fatilazo del ex jefe Sosa que ahora de jubilado ni pa\u2019 mandadero sirve\u2026a buena hora se libraron de \u00e9l\u2026aaah, raza!!<br \/>\nHOSPITAL<br \/>\nLas que andan descansando y gozando de un magnifico ambiente laboral son las enfermeras del hospital\u2026y es que la jefa odiosa de la Chong se fue (por fin se larg\u00f3) y todo est\u00e1 en santa paz\u2026lo que s\u00ed es que la muy rejija se fue muy tranquila y sin ning\u00fan problema, quesque porque ella para eso es la Jefa\u2026mientras las dem\u00e1s enfermeras no se pueden ir de vacaciones porque no le quiere firmar a nadie la aprobaci\u00f3n que no sea de su clan\u2026muy mendiga la Chong!!<br \/>\nSOLDADOS<br \/>\nLos que andan asustados son algunos compitas de Ventas\u2026y es que les llego la revisi\u00f3n a todo lo que hacen de parte de los soldados, y ahora pues ya no se pueden salir m\u00e1s que con pase foliado pobres de los que sal\u00edan y entraban como quer\u00edan\u2026no que muy picudos!!<br \/>\nSAMARITANA<br \/>\nLa que nos dicen llego muy buena onda y haciendo las pases con todos es la famos\u00edsima Mimosa que ahora a todos trata bien\u2026 \u00bfser\u00e1 que se fue a un retiro espiritual y ya llego muy renovada y santa? Que astuta es la tal Mimosa!!<br \/>\nFAJILLAS<br \/>\nTambi\u00e9n nos dicen que no hay fajillas de jubilados en Ventas\u2026seg\u00fan dicen qu\u00e9 porque no hay sistema, pero la verdad es que la marichela ahora se la pasa poni\u00e9ndose guapa\u2026bueno, eso pretende, por fin nos hizo caso!!<br \/>\nFLABIS<br \/>\nLa que anda muy contestona y no quiere trabajar es la Flabis pues la mandan de un lado a otro porque nom\u00e1s no da el kilo, ni en la bodega, ni de secretar\u00eda y ni de archivo sirve&#8230;que la rifen a ver qui\u00e9n se la lleva!!&#8230;Arrivederchi!!<\/p>\n","protected":false},"excerpt":{"rendered":"<p>Por: El Repre RETARDADOS Iniciamos esta columneja avis\u00e1ndoles que tengan cuidado con las llegadas tarde, pues el pasado fin de semana se quedaron fuera varios compa\u00f1eros por llegar despu\u00e9s de la hora estipulada en el CCTV\u2026gracias a algunos comisionados del sindicato se logro que fueran aceptados a laborar, pero ya qued\u00f3 el antecedente que ser\u00e1 [&hellip;]<\/p>\n","protected":false},"author":9,"featured_media":159,"comment_status":"open","ping_status":"closed","sticky":false,"template":"","format":"standard","meta":{"footnotes":""},"categories":[1],"tags":[942,943],"class_list":["post-6198","post","type-post","status-publish","format-standard","has-post-thumbnail","hentry","category-noticias","tag-el-quemador","tag-el-repre"],"_links":{"self":[{"href":"https:\/\/laultimapalabra.com.mx\/portal\/wp-json\/wp\/v2\/posts\/6198","targetHints":{"allow":["GET"]}}],"collection":[{"href":"https:\/\/laultimapalabra.com.mx\/portal\/wp-json\/wp\/v2\/posts"}],"about":[{"href":"https:\/\/laultimapalabra.com.mx\/portal\/wp-json\/wp\/v2\/types\/post"}],"author":[{"embeddable":true,"href":"https:\/\/laultimapalabra.com.mx\/portal\/wp-json\/wp\/v2\/users\/9"}],"replies":[{"embeddable":true,"href":"https:\/\/laultimapalabra.com.mx\/portal\/wp-json\/wp\/v2\/comments?post=6198"}],"version-history":[{"count":1,"href":"https:\/\/laultimapalabra.com.mx\/portal\/wp-json\/wp\/v2\/posts\/6198\/revisions"}],"predecessor-version":[{"id":66332,"href":"https:\/\/laultimapalabra.com.mx\/portal\/wp-json\/wp\/v2\/posts\/6198\/revisions\/66332"}],"wp:featuredmedia":[{"embeddable":true,"href":"https:\/\/laultimapalabra.com.mx\/portal\/wp-json\/"}],"wp:attachment":[{"href":"https:\/\/laultimapalabra.com.mx\/portal\/wp-json\/wp\/v2\/media?parent=6198"}],"wp:term":[{"taxonomy":"category","embeddable":true,"href":"https:\/\/laultimapalabra.com.mx\/portal\/wp-json\/wp\/v2\/categories?post=6198"},{"taxonomy":"post_tag","embeddable":true,"href":"https:\/\/laultimapalabra.com.mx\/portal\/wp-json\/wp\/v2\/tags?post=6198"}],"curies":[{"name":"wp","href":"https:\/\/api.w.org\/{rel}","templated":true}]}}