                       {"id":62,"date":"2018-01-31T23:30:30","date_gmt":"2018-01-31T23:30:30","guid":{"rendered":"http:\/\/laultimapalabra.info\/?p=62"},"modified":"2024-12-11T08:36:53","modified_gmt":"2024-12-11T14:36:53","slug":"don-alberto-rodriguez-davila-un-buen-alcalde-de-cadereyta-en-1946-1948","status":"publish","type":"post","link":"https:\/\/laultimapalabra.com.mx\/portal\/don-alberto-rodriguez-davila-un-buen-alcalde-de-cadereyta-en-1946-1948\/","title":{"rendered":"Don Alberto Rodr\u00edguez D\u00e1vila\u2026 Un buen Alcalde de Cadereyta en 1946-1948"},"content":{"rendered":"<p style=\"text-align: justify;\"><img loading=\"lazy\" decoding=\"async\" class=\"size-medium wp-image-63 alignleft\" src=\"https:\/\/laultimapalabra.com.mx\/portal\/wp-content\/uploads\/2018\/01\/1-215x300.jpg\" alt=\"\" width=\"215\" height=\"300\" \/>Cadereyta Jim\u00e9nez, N. L.- Un distinguido Jimenence fue sin duda Don Alberto Rodr\u00edguez D\u00e1vila, hombre sencillo, inquieto pr\u00e1ctico y directo quien adem\u00e1s de ser un exitoso y h\u00e1bil comerciante, agricultor y ganadero, desarroll\u00f3 cierta habilidad para el quehacer en el servicio de su comunidad que lo llev\u00f3 a realizar una brillante labor que aun recordamos en esta fecha cercana a su nacimiento.<br \/>\nDon Alberto naci\u00f3 en esta ciudad un 22 de enero de 1903, Don Margil Rodr\u00edguez y Do\u00f1a Juanita D\u00e1vila Rend\u00f3n fueron sus padres y fue hermano de: Mar\u00eda Concepci\u00f3n, Mar\u00eda de los \u00c1ngeles, Mar\u00eda de Jes\u00fas, Julia, Federico, Abel, Natividad y Mart\u00edn<br \/>\nRealiz\u00f3 sus primeros estudios en la escuela Miguel Hidalgo de esta ciudad, Colegio exclusivo para ni\u00f1os siendo su primer mentor el Profr. Rosendo Garza Montalvo.<br \/>\nAyudante de su padre en una carnicer\u00eda, vivi\u00f3 una juventud tranquila dedicado por entero a su trabajo buscando siempre su superaci\u00f3n personal.<br \/>\nEn 1927 contrae matrimonio con Do\u00f1a Petra Gonz\u00e1lez con quien procre\u00f3 a Alfonso, Mar\u00eda Concepci\u00f3n y \u00c1ngel Mario. Al fallecer Do\u00f1a Petra tiempo despu\u00e9s, se casa con la se\u00f1orita Zulema Cant\u00fa Leal trayendo a este mundo a: Octavio, Alberto, Zulema y Margarita Rodr\u00edguez Cant\u00fa.<br \/>\nDedicado por su cuenta a la agricultura y ganader\u00eda vivi\u00f3 las penalidades de una intensa sequ\u00eda en la regi\u00f3n que durar\u00eda poco m\u00e1s de cinco a\u00f1os, lo que ocasion\u00f3 una crisis alimentaria y la desilusi\u00f3n de los habitantes que en su gran mayor\u00eda se dedicaban a las labores campiranas.<br \/>\nDon Alberto desempe\u00f1\u00f3 algunas funciones como servidor de su pueblo: Fue tesorero Municipal durante el periodo de Gobierno de Don Candelario R\u00edos (1943-1945) Venerable maestro de la Logia Mas\u00f3nica \u201cProgreso no. 10\u201d fue socio fundador y presidente de la asociaci\u00f3n ganadera local como tambi\u00e9n Presidente Municipal a partir del primero de enero de 1946.<br \/>\nDespu\u00e9s de haber triunfado de manera contundente en la elecci\u00f3n para alcalde contra el candidato de Acci\u00f3n Nacional que por primera vez participaba en Cadereyta, se fij\u00f3 como primer objetivo la creaci\u00f3n de un Consejo Municipal de Econom\u00eda integrado por personalidades de la localidad, serian estos comisionados para hacer planes concretos ampliando las \u00e1reas de cultivo e incrementando las v\u00edas de comunicaci\u00f3n en las haciendas para facilitar la comunicaci\u00f3n y el comercio, presionando adem\u00e1s ante la federaci\u00f3n para facilitar los tr\u00e1mites de cr\u00e9ditos para la agricultura y la ganader\u00eda.<br \/>\nAcompa\u00f1ado de los miembros de su cabildo acudi\u00f3 ante el Gobernador Lic. Arturo Bonifacio de la Garza para solicitar apoyo alimentario, ya que por primera vez se importaba ma\u00edz amarillo de los Estados Unidos y gran cantidad de frijol cosechado en Zacatecas a lo que de inmediato se orden\u00f3 dotar a Cadereyta de tan necesaria materia prima para su consumo, haciendo la repartici\u00f3n adecuada para solventar la crisis de alimentos en la poblaci\u00f3n.<br \/>\nComplacido el Sr. Gobernador con la labor de Don Alberto orden\u00f3 la donaci\u00f3n de algunos toretes de la raza GYR, hijos de aquellos toros de importaci\u00f3n de Brasil a M\u00e9xico para mejorar la raza criolla de la regi\u00f3n.<br \/>\nEn el \u00faltimo a\u00f1o de su gobierno, Don Alberto gestion\u00f3 y obtuvo de la Direcci\u00f3n de Educaci\u00f3n la creaci\u00f3n del primer Jard\u00edn de Ni\u00f1os de la ciudad, al que dieron el nombre de \u201cProfr Rosendo Garza Montalvo\u201d inaugurado el 17 de diciembre de 1948.<br \/>\nFue Vicepresidente del patronato pro construcci\u00f3n de la escuela secundaria \u201cProfr. Emilio Rodr\u00edguez Cortez inaugurada en sep. De 1956.<br \/>\nDon Alberto fue un alcalde que sin recursos en el erario y en tiempos de crisis, encontr\u00f3 la forma para atender las prioridades de la comunidad. V\u00edctima de complicaciones diab\u00e9ticas falleci\u00f3 en esta ciudad que lo vio nacer en 1973, sin embargo su ejemplo y recuerdo a\u00fan perduran entre quienes lo conocimos y tratamos.<br \/>\nSu nombre esta perpetuado en una calle de la Col. Jos\u00e9 Ot\u00f3n Mart\u00ednez y en una escuela primaria en la Col. Carlos Salinas de Gortari.<br \/>\nHoy recordamos a Don Alberto Rodr\u00edguez D\u00e1vila como un distinguido Jimenence y un buen Alcalde de Cadereyta de 1946 a 1948.<br \/>\nGracias<\/p>\n","protected":false},"excerpt":{"rendered":"<p>Cadereyta Jim\u00e9nez, N. L.- Un distinguido Jimenence fue sin duda Don Alberto Rodr\u00edguez D\u00e1vila, hombre sencillo, inquieto pr\u00e1ctico y directo quien adem\u00e1s de ser un exitoso y h\u00e1bil comerciante, agricultor y ganadero, desarroll\u00f3 cierta habilidad para el quehacer en el servicio de su comunidad que lo llev\u00f3 a realizar una brillante labor que aun recordamos [&hellip;]<\/p>\n","protected":false},"author":9,"featured_media":63,"comment_status":"open","ping_status":"closed","sticky":false,"template":"","format":"standard","meta":{"footnotes":""},"categories":[17],"tags":[879],"class_list":["post-62","post","type-post","status-publish","format-standard","has-post-thumbnail","hentry","category-locales-cadereyta","tag-dr-jose-ascencion-tijerina-flores"],"_links":{"self":[{"href":"https:\/\/laultimapalabra.com.mx\/portal\/wp-json\/wp\/v2\/posts\/62","targetHints":{"allow":["GET"]}}],"collection":[{"href":"https:\/\/laultimapalabra.com.mx\/portal\/wp-json\/wp\/v2\/posts"}],"about":[{"href":"https:\/\/laultimapalabra.com.mx\/portal\/wp-json\/wp\/v2\/types\/post"}],"author":[{"embeddable":true,"href":"https:\/\/laultimapalabra.com.mx\/portal\/wp-json\/wp\/v2\/users\/9"}],"replies":[{"embeddable":true,"href":"https:\/\/laultimapalabra.com.mx\/portal\/wp-json\/wp\/v2\/comments?post=62"}],"version-history":[{"count":1,"href":"https:\/\/laultimapalabra.com.mx\/portal\/wp-json\/wp\/v2\/posts\/62\/revisions"}],"predecessor-version":[{"id":63105,"href":"https:\/\/laultimapalabra.com.mx\/portal\/wp-json\/wp\/v2\/posts\/62\/revisions\/63105"}],"wp:featuredmedia":[{"embeddable":true,"href":"https:\/\/laultimapalabra.com.mx\/portal\/wp-json\/"}],"wp:attachment":[{"href":"https:\/\/laultimapalabra.com.mx\/portal\/wp-json\/wp\/v2\/media?parent=62"}],"wp:term":[{"taxonomy":"category","embeddable":true,"href":"https:\/\/laultimapalabra.com.mx\/portal\/wp-json\/wp\/v2\/categories?post=62"},{"taxonomy":"post_tag","embeddable":true,"href":"https:\/\/laultimapalabra.com.mx\/portal\/wp-json\/wp\/v2\/tags?post=62"}],"curies":[{"name":"wp","href":"https:\/\/api.w.org\/{rel}","templated":true}]}}