                       {"id":62029,"date":"2024-11-11T12:20:37","date_gmt":"2024-11-11T18:20:37","guid":{"rendered":"https:\/\/laultimapalabra.com.mx\/portal\/?p=62029"},"modified":"2024-11-11T12:20:37","modified_gmt":"2024-11-11T18:20:37","slug":"se-incendia-caja-de-trailer-en-el-periferico","status":"publish","type":"post","link":"https:\/\/laultimapalabra.com.mx\/portal\/se-incendia-caja-de-trailer-en-el-periferico\/","title":{"rendered":"Se incendia caja de tr\u00e1iler en el Perif\u00e9rico"},"content":{"rendered":"<p>La caja de un tr\u00e1iler que transportaba grasa vegetal, fue consumida por las llamas al incendiarse en su totalidad en el Perif\u00e9rico, entre los l\u00edmites de Cadereyta y Allende.<br \/>\nEl operador de la unidad destac\u00f3, que vio el fuego en la parte trasera, que pudo iniciarse en las llantas y logr\u00f3 estacionarse y desconectar el tractor.<br \/>\nAl lugar acudieron elementos de Protecci\u00f3n Civil del Estado, Bomberos de Cadereyta, Santiago y Allende, quienes enfriaron los restos de la caja y limpiaron la carpeta, debido a la grasa derramadas que ser\u00eda peligrosa para los conductores.<br \/>\nEl siniestro provoc\u00f3 un caos vial al ser cerrado el Perif\u00e9rico en ambas direcciones.<\/p>\n","protected":false},"excerpt":{"rendered":"<p>La caja de un tr\u00e1iler que transportaba grasa vegetal, fue consumida por las llamas al incendiarse en su totalidad en el Perif\u00e9rico, entre los l\u00edmites de Cadereyta y Allende. El operador de la unidad destac\u00f3, que vio el fuego en la parte trasera, que pudo iniciarse en las llantas y logr\u00f3 estacionarse y desconectar el [&hellip;]<\/p>\n","protected":false},"author":14,"featured_media":62030,"comment_status":"closed","ping_status":"closed","sticky":false,"template":"","format":"standard","meta":{"footnotes":""},"categories":[6805,17],"tags":[12419,12417,12418,12416,5859],"class_list":["post-62029","post","type-post","status-publish","format-standard","has-post-thumbnail","hentry","category-accidentes","category-locales-cadereyta","tag-bomberos-de-allende","tag-bomberos-de-cadereyta","tag-bomberos-de-santiago","tag-proteccion-civil-del-estado","tag-ultimas-noticias"],"_links":{"self":[{"href":"https:\/\/laultimapalabra.com.mx\/portal\/wp-json\/wp\/v2\/posts\/62029","targetHints":{"allow":["GET"]}}],"collection":[{"href":"https:\/\/laultimapalabra.com.mx\/portal\/wp-json\/wp\/v2\/posts"}],"about":[{"href":"https:\/\/laultimapalabra.com.mx\/portal\/wp-json\/wp\/v2\/types\/post"}],"author":[{"embeddable":true,"href":"https:\/\/laultimapalabra.com.mx\/portal\/wp-json\/wp\/v2\/users\/14"}],"replies":[{"embeddable":true,"href":"https:\/\/laultimapalabra.com.mx\/portal\/wp-json\/wp\/v2\/comments?post=62029"}],"version-history":[{"count":1,"href":"https:\/\/laultimapalabra.com.mx\/portal\/wp-json\/wp\/v2\/posts\/62029\/revisions"}],"predecessor-version":[{"id":62031,"href":"https:\/\/laultimapalabra.com.mx\/portal\/wp-json\/wp\/v2\/posts\/62029\/revisions\/62031"}],"wp:featuredmedia":[{"embeddable":true,"href":"https:\/\/laultimapalabra.com.mx\/portal\/wp-json\/wp\/v2\/media\/62030"}],"wp:attachment":[{"href":"https:\/\/laultimapalabra.com.mx\/portal\/wp-json\/wp\/v2\/media?parent=62029"}],"wp:term":[{"taxonomy":"category","embeddable":true,"href":"https:\/\/laultimapalabra.com.mx\/portal\/wp-json\/wp\/v2\/categories?post=62029"},{"taxonomy":"post_tag","embeddable":true,"href":"https:\/\/laultimapalabra.com.mx\/portal\/wp-json\/wp\/v2\/tags?post=62029"}],"curies":[{"name":"wp","href":"https:\/\/api.w.org\/{rel}","templated":true}]}}