                       {"id":62033,"date":"2024-11-11T14:57:41","date_gmt":"2024-11-11T20:57:41","guid":{"rendered":"https:\/\/laultimapalabra.com.mx\/portal\/?p=62033"},"modified":"2024-11-11T14:57:41","modified_gmt":"2024-11-11T20:57:41","slug":"nina-de-8-anos-de-edad-muere-tras-choque-responsable-iba-aparentemente-alcoholizado","status":"publish","type":"post","link":"https:\/\/laultimapalabra.com.mx\/portal\/nina-de-8-anos-de-edad-muere-tras-choque-responsable-iba-aparentemente-alcoholizado\/","title":{"rendered":"Ni\u00f1a de 8 a\u00f1os de edad Muere tras Choque; Responsable Iba Aparentemente Alcoholizado"},"content":{"rendered":"<p>Una menor de 8 a\u00f1os de edad que viajaba en una camioneta con su familia falleci\u00f3 -la ma\u00f1ana de este domingo- cuando un auto los impact\u00f3 en la parte trasera mientras esperaban el cambio de luz en un sem\u00e1foro, en el cruce de Plutarco El\u00edas Calles e Israel Cavazos, a la altura de la colonia Dos R\u00edos, en Guadalupe.<\/p>\n<p>El accidente ocurri\u00f3 a las 4:55 de la ma\u00f1ana, de acuerdo al reporte de las corporaciones de auxilio, quienes al llegar ya nada pudieron hacer por la peque\u00f1a, que no fue identificada y que qued\u00f3 prensada en el interior de la camioneta, por lo que fue necesario el uso de una separadora el\u00e9ctrica para liberar el cuerpo.<\/p>\n<p>En el lugar fue detenido un joven identificado como Alejandro Galv\u00e1n Medina, de 22 a\u00f1os de edad, como responsable de ocasionar el choque mortal, pues impact\u00f3 sin frenar su auto -aparentemente alcoholizado- en la camioneta en la que viajaba la familia.<\/p>\n<p>Tras el impacto, la camioneta fue proyectada varios metros hasta quedar a la orilla de la Avenida, totalmente destrozada de la parte trasera y al otro lado del sem\u00e1foro de Plutarco El\u00edas Calles, \u00e9sta v\u00eda en el cruce con Israel Cavazos, permaneci\u00f3 cerrada al menos 3 horas hasta que el personal del Servicio M\u00e9dico Forense acudi\u00f3 a dar fe de los hechos y trasladar a la v\u00edctima al anfiteatro.<\/p>\n<p>De la camioneta en que viajaba la v\u00edctima mortal se identific\u00f3 a Aurora Moronati Gonz\u00e1lez, como la conductora, quien junto con los otros dos viajeros: otra menor de 7 a\u00f1os de edad y un hombre, padre de las menores, fueron trasladados todos a distintos hospitales para recibir atenci\u00f3n m\u00e9dica.<\/p>\n<p>Sin embargo hoy se dio a conocer que el padre de la menor identificado como Ruben Rodr\u00edguez, sigue hospitalizado.<\/p>\n<p>FUENTE: N+<\/p>\n","protected":false},"excerpt":{"rendered":"<p>Una menor de 8 a\u00f1os de edad que viajaba en una camioneta con su familia falleci\u00f3 -la ma\u00f1ana de este domingo- cuando un auto los impact\u00f3 en la parte trasera mientras esperaban el cambio de luz en un sem\u00e1foro, en el cruce de Plutarco El\u00edas Calles e Israel Cavazos, a la altura de la colonia [&hellip;]<\/p>\n","protected":false},"author":9,"featured_media":62034,"comment_status":"closed","ping_status":"closed","sticky":false,"template":"","format":"standard","meta":{"footnotes":""},"categories":[15],"tags":[541,4213,5801,5859],"class_list":["post-62033","post","type-post","status-publish","format-standard","has-post-thumbnail","hentry","category-estado","tag-choque","tag-detenidos","tag-muere-menor","tag-ultimas-noticias"],"_links":{"self":[{"href":"https:\/\/laultimapalabra.com.mx\/portal\/wp-json\/wp\/v2\/posts\/62033","targetHints":{"allow":["GET"]}}],"collection":[{"href":"https:\/\/laultimapalabra.com.mx\/portal\/wp-json\/wp\/v2\/posts"}],"about":[{"href":"https:\/\/laultimapalabra.com.mx\/portal\/wp-json\/wp\/v2\/types\/post"}],"author":[{"embeddable":true,"href":"https:\/\/laultimapalabra.com.mx\/portal\/wp-json\/wp\/v2\/users\/9"}],"replies":[{"embeddable":true,"href":"https:\/\/laultimapalabra.com.mx\/portal\/wp-json\/wp\/v2\/comments?post=62033"}],"version-history":[{"count":1,"href":"https:\/\/laultimapalabra.com.mx\/portal\/wp-json\/wp\/v2\/posts\/62033\/revisions"}],"predecessor-version":[{"id":62035,"href":"https:\/\/laultimapalabra.com.mx\/portal\/wp-json\/wp\/v2\/posts\/62033\/revisions\/62035"}],"wp:featuredmedia":[{"embeddable":true,"href":"https:\/\/laultimapalabra.com.mx\/portal\/wp-json\/wp\/v2\/media\/62034"}],"wp:attachment":[{"href":"https:\/\/laultimapalabra.com.mx\/portal\/wp-json\/wp\/v2\/media?parent=62033"}],"wp:term":[{"taxonomy":"category","embeddable":true,"href":"https:\/\/laultimapalabra.com.mx\/portal\/wp-json\/wp\/v2\/categories?post=62033"},{"taxonomy":"post_tag","embeddable":true,"href":"https:\/\/laultimapalabra.com.mx\/portal\/wp-json\/wp\/v2\/tags?post=62033"}],"curies":[{"name":"wp","href":"https:\/\/api.w.org\/{rel}","templated":true}]}}