                       {"id":62037,"date":"2024-11-11T15:11:05","date_gmt":"2024-11-11T21:11:05","guid":{"rendered":"https:\/\/laultimapalabra.com.mx\/portal\/?p=62037"},"modified":"2024-11-11T15:11:05","modified_gmt":"2024-11-11T21:11:05","slug":"ataque-armado-en-bar-de-queretaro-deja-10-muertos-y-13-heridos-detienen-a-un-sospechoso","status":"publish","type":"post","link":"https:\/\/laultimapalabra.com.mx\/portal\/ataque-armado-en-bar-de-queretaro-deja-10-muertos-y-13-heridos-detienen-a-un-sospechoso\/","title":{"rendered":"Ataque armado en bar de Quer\u00e9taro deja 10 muertos y 13 heridos; detienen a un sospechoso"},"content":{"rendered":"<p>QUER\u00c9TARO, M\u00e9xico.- Una violenta masacre sacudi\u00f3 la ciudad de Quer\u00e9taro cuando un grupo armado atac\u00f3 a los clientes del bar &#8216;Los Cantaritos&#8217;, ubicado en el centro hist\u00f3rico de la capital del Estado.<\/p>\n<p>El saldo preliminar del ataque es de diez personas fallecidas siete hombres y tres mujeres y al menos 13 heridos, dos de ellos en estado grave.<\/p>\n<p>La agresi\u00f3n ocurri\u00f3 la noche del s\u00e1bado, cuando, seg\u00fan testigos y c\u00e1maras de seguridad, al menos cuatro hombres armados ingresaron al bar en la calle Circunvalaci\u00f3n, una zona concurrida de la ciudad, y comenzaron a disparar contra los asistentes.<\/p>\n<p>Tras recibir la llamada de emergencia alrededor de las nueve de la noche, fuerzas de seguridad locales acudieron al sitio para acordonar el \u00e1rea y asistir a las v\u00edctimas.<\/p>\n<p>Las autoridades informaron sobre la captura de uno de los presuntos atacantes y el aseguramiento de una camioneta utilizada en el ataque, misma que fue abandonada en el municipio de El Marqu\u00e9s, a unos 10 kil\u00f3metros del centro de Quer\u00e9taro, despu\u00e9s de haber sido incendiada por los atacantes.<\/p>\n<p>Las placas del veh\u00edculo fueron identificadas, lo que facilit\u00f3 su localizaci\u00f3n y recuperaci\u00f3n.<\/p>\n<p>FUENTE: POSTA<\/p>\n","protected":false},"excerpt":{"rendered":"<p>QUER\u00c9TARO, M\u00e9xico.- Una violenta masacre sacudi\u00f3 la ciudad de Quer\u00e9taro cuando un grupo armado atac\u00f3 a los clientes del bar &#8216;Los Cantaritos&#8217;, ubicado en el centro hist\u00f3rico de la capital del Estado. El saldo preliminar del ataque es de diez personas fallecidas siete hombres y tres mujeres y al menos 13 heridos, dos de ellos [&hellip;]<\/p>\n","protected":false},"author":9,"featured_media":62038,"comment_status":"closed","ping_status":"closed","sticky":false,"template":"","format":"standard","meta":{"footnotes":""},"categories":[19],"tags":[9396,4359,4371,10586,5859],"class_list":["post-62037","post","type-post","status-publish","format-standard","has-post-thumbnail","hentry","category-nacional","tag-ataquearmado","tag-heridos","tag-muertos","tag-queretaro","tag-ultimas-noticias"],"_links":{"self":[{"href":"https:\/\/laultimapalabra.com.mx\/portal\/wp-json\/wp\/v2\/posts\/62037","targetHints":{"allow":["GET"]}}],"collection":[{"href":"https:\/\/laultimapalabra.com.mx\/portal\/wp-json\/wp\/v2\/posts"}],"about":[{"href":"https:\/\/laultimapalabra.com.mx\/portal\/wp-json\/wp\/v2\/types\/post"}],"author":[{"embeddable":true,"href":"https:\/\/laultimapalabra.com.mx\/portal\/wp-json\/wp\/v2\/users\/9"}],"replies":[{"embeddable":true,"href":"https:\/\/laultimapalabra.com.mx\/portal\/wp-json\/wp\/v2\/comments?post=62037"}],"version-history":[{"count":1,"href":"https:\/\/laultimapalabra.com.mx\/portal\/wp-json\/wp\/v2\/posts\/62037\/revisions"}],"predecessor-version":[{"id":62039,"href":"https:\/\/laultimapalabra.com.mx\/portal\/wp-json\/wp\/v2\/posts\/62037\/revisions\/62039"}],"wp:featuredmedia":[{"embeddable":true,"href":"https:\/\/laultimapalabra.com.mx\/portal\/wp-json\/wp\/v2\/media\/62038"}],"wp:attachment":[{"href":"https:\/\/laultimapalabra.com.mx\/portal\/wp-json\/wp\/v2\/media?parent=62037"}],"wp:term":[{"taxonomy":"category","embeddable":true,"href":"https:\/\/laultimapalabra.com.mx\/portal\/wp-json\/wp\/v2\/categories?post=62037"},{"taxonomy":"post_tag","embeddable":true,"href":"https:\/\/laultimapalabra.com.mx\/portal\/wp-json\/wp\/v2\/tags?post=62037"}],"curies":[{"name":"wp","href":"https:\/\/api.w.org\/{rel}","templated":true}]}}