                       {"id":62161,"date":"2024-11-14T00:29:35","date_gmt":"2024-11-14T06:29:35","guid":{"rendered":"https:\/\/laultimapalabra.com.mx\/portal\/?p=62161"},"modified":"2024-11-14T00:29:35","modified_gmt":"2024-11-14T06:29:35","slug":"pide-waldo-fernandez-licencia-como-senador","status":"publish","type":"post","link":"https:\/\/laultimapalabra.com.mx\/portal\/pide-waldo-fernandez-licencia-como-senador\/","title":{"rendered":"Pide Waldo Fern\u00e1ndez licencia como Senador"},"content":{"rendered":"<p>CDMX<br \/>\nEl Senador de Nuevo Le\u00f3n, Waldo Fern\u00e1ndez, solicit\u00f3 licencia temporal a su cargo, efectiva a partir del lunes 18 de noviembre.<br \/>\nEl Senador asegur\u00f3 que su equipo de trabajo continuar\u00e1 realizando las gestiones y actividades necesarias para no afectar el desarrollo de los temas legislativos que tiene en curso, liderado por su suplente Carlos H. Su\u00e1rez.<br \/>\nFern\u00e1ndez reiter\u00f3 su compromiso con la ciudadan\u00eda de Nuevo Le\u00f3n y el pa\u00eds, asegurando que continuar\u00e1 trabajando en sus proyectos y objetivos una vez haya concluido este periodo de licencia\u00a0temporal.<\/p>\n","protected":false},"excerpt":{"rendered":"<p>CDMX El Senador de Nuevo Le\u00f3n, Waldo Fern\u00e1ndez, solicit\u00f3 licencia temporal a su cargo, efectiva a partir del lunes 18 de noviembre. El Senador asegur\u00f3 que su equipo de trabajo continuar\u00e1 realizando las gestiones y actividades necesarias para no afectar el desarrollo de los temas legislativos que tiene en curso, liderado por su suplente Carlos [&hellip;]<\/p>\n","protected":false},"author":14,"featured_media":62164,"comment_status":"closed","ping_status":"closed","sticky":false,"template":"","format":"standard","meta":{"footnotes":""},"categories":[15],"tags":[4191,12439],"class_list":["post-62161","post","type-post","status-publish","format-standard","has-post-thumbnail","hentry","category-estado","tag-nuevo-leon","tag-senador-waldo-fernandez"],"_links":{"self":[{"href":"https:\/\/laultimapalabra.com.mx\/portal\/wp-json\/wp\/v2\/posts\/62161","targetHints":{"allow":["GET"]}}],"collection":[{"href":"https:\/\/laultimapalabra.com.mx\/portal\/wp-json\/wp\/v2\/posts"}],"about":[{"href":"https:\/\/laultimapalabra.com.mx\/portal\/wp-json\/wp\/v2\/types\/post"}],"author":[{"embeddable":true,"href":"https:\/\/laultimapalabra.com.mx\/portal\/wp-json\/wp\/v2\/users\/14"}],"replies":[{"embeddable":true,"href":"https:\/\/laultimapalabra.com.mx\/portal\/wp-json\/wp\/v2\/comments?post=62161"}],"version-history":[{"count":1,"href":"https:\/\/laultimapalabra.com.mx\/portal\/wp-json\/wp\/v2\/posts\/62161\/revisions"}],"predecessor-version":[{"id":62165,"href":"https:\/\/laultimapalabra.com.mx\/portal\/wp-json\/wp\/v2\/posts\/62161\/revisions\/62165"}],"wp:featuredmedia":[{"embeddable":true,"href":"https:\/\/laultimapalabra.com.mx\/portal\/wp-json\/wp\/v2\/media\/62164"}],"wp:attachment":[{"href":"https:\/\/laultimapalabra.com.mx\/portal\/wp-json\/wp\/v2\/media?parent=62161"}],"wp:term":[{"taxonomy":"category","embeddable":true,"href":"https:\/\/laultimapalabra.com.mx\/portal\/wp-json\/wp\/v2\/categories?post=62161"},{"taxonomy":"post_tag","embeddable":true,"href":"https:\/\/laultimapalabra.com.mx\/portal\/wp-json\/wp\/v2\/tags?post=62161"}],"curies":[{"name":"wp","href":"https:\/\/api.w.org\/{rel}","templated":true}]}}