                       {"id":62382,"date":"2024-11-20T21:22:39","date_gmt":"2024-11-21T03:22:39","guid":{"rendered":"https:\/\/laultimapalabra.com.mx\/portal\/?p=62382"},"modified":"2024-11-20T21:22:39","modified_gmt":"2024-11-21T03:22:39","slug":"inicia-felix-arratia-rescate-de-espacios-publicos","status":"publish","type":"post","link":"https:\/\/laultimapalabra.com.mx\/portal\/inicia-felix-arratia-rescate-de-espacios-publicos\/","title":{"rendered":"Inicia F\u00e9lix Arratia rescate de espacios p\u00fablicos"},"content":{"rendered":"<p>Ju\u00e1rez, N.L.<br \/>\nCon una inversi\u00f3n de 83 millones de pesos, el alcalde de Ju\u00e1rez, F\u00e9lix Arratia, inici\u00f3 un programa de rescate de espacios p\u00fablicos que incluye la rehabilitaci\u00f3n de 26 parques en una primera etapa.<br \/>\nAcompa\u00f1ado de su esposa M\u00f3nica Oyervides, y del Secretario de Obras P\u00fablicas, C\u00e9sar Garc\u00eda, el Edil dio el banderazo de salida en el parque de la Colonia Los Cometas.<br \/>\nEl parque en situaci\u00f3n de abandono ser\u00e1 transformado con la construcci\u00f3n de una cancha polivalente con iluminaci\u00f3n, \u00e1rea alfombrada de juegos infantiles, aparatos de ejercicio, mobiliario urbano y zonas arboladas.<\/p>\n<p><img loading=\"lazy\" decoding=\"async\" class=\"alignnone size-medium wp-image-62383\" src=\"https:\/\/laultimapalabra.com.mx\/portal\/wp-content\/uploads\/2024\/11\/001-9-1-300x200.jpg\" alt=\"\" width=\"300\" height=\"200\" srcset=\"https:\/\/laultimapalabra.com.mx\/portal\/wp-content\/uploads\/2024\/11\/001-9-1-300x200.jpg 300w, https:\/\/laultimapalabra.com.mx\/portal\/wp-content\/uploads\/2024\/11\/001-9-1-1024x684.jpg 1024w, https:\/\/laultimapalabra.com.mx\/portal\/wp-content\/uploads\/2024\/11\/001-9-1-768x513.jpg 768w, https:\/\/laultimapalabra.com.mx\/portal\/wp-content\/uploads\/2024\/11\/001-9-1-1536x1026.jpg 1536w, https:\/\/laultimapalabra.com.mx\/portal\/wp-content\/uploads\/2024\/11\/001-9-1-2048x1368.jpg 2048w\" sizes=\"auto, (max-width: 300px) 100vw, 300px\" \/> <img loading=\"lazy\" decoding=\"async\" class=\"alignnone size-medium wp-image-62390\" src=\"https:\/\/laultimapalabra.com.mx\/portal\/wp-content\/uploads\/2024\/11\/001-300x200.jpg\" alt=\"\" width=\"300\" height=\"200\" srcset=\"https:\/\/laultimapalabra.com.mx\/portal\/wp-content\/uploads\/2024\/11\/001-300x200.jpg 300w, https:\/\/laultimapalabra.com.mx\/portal\/wp-content\/uploads\/2024\/11\/001-1024x684.jpg 1024w, https:\/\/laultimapalabra.com.mx\/portal\/wp-content\/uploads\/2024\/11\/001-768x513.jpg 768w, https:\/\/laultimapalabra.com.mx\/portal\/wp-content\/uploads\/2024\/11\/001-1536x1026.jpg 1536w, https:\/\/laultimapalabra.com.mx\/portal\/wp-content\/uploads\/2024\/11\/001-2048x1368.jpg 2048w\" sizes=\"auto, (max-width: 300px) 100vw, 300px\" \/><br \/>\n\u201cNecesitamos apropiarnos de los espacios p\u00fablicos como el que hoy vamos a empezar a construir, por eso la necesidad de trabajar en la reconstrucci\u00f3n de los parques\u201d, subray\u00f3 Arratia.<br \/>\n\u201cEstamos todos los d\u00edas comprometidos en poner a Ju\u00e1rez, uno de los municipios del \u00e1rea metropolitana, el Municipio que siempre fue el abandono, lo estamos poniendo en orden y a la orden, para beneficio de todas y de todos\u201d.<\/p>\n<p><img loading=\"lazy\" decoding=\"async\" class=\"alignnone size-medium wp-image-62384\" src=\"https:\/\/laultimapalabra.com.mx\/portal\/wp-content\/uploads\/2024\/11\/001-15-300x200.jpg\" alt=\"\" width=\"300\" height=\"200\" srcset=\"https:\/\/laultimapalabra.com.mx\/portal\/wp-content\/uploads\/2024\/11\/001-15-300x200.jpg 300w, https:\/\/laultimapalabra.com.mx\/portal\/wp-content\/uploads\/2024\/11\/001-15-1024x684.jpg 1024w, https:\/\/laultimapalabra.com.mx\/portal\/wp-content\/uploads\/2024\/11\/001-15-768x513.jpg 768w, https:\/\/laultimapalabra.com.mx\/portal\/wp-content\/uploads\/2024\/11\/001-15-1536x1026.jpg 1536w, https:\/\/laultimapalabra.com.mx\/portal\/wp-content\/uploads\/2024\/11\/001-15-2048x1368.jpg 2048w\" sizes=\"auto, (max-width: 300px) 100vw, 300px\" \/> <img loading=\"lazy\" decoding=\"async\" class=\"alignnone size-medium wp-image-62385\" src=\"https:\/\/laultimapalabra.com.mx\/portal\/wp-content\/uploads\/2024\/11\/001-16-300x200.jpg\" alt=\"\" width=\"300\" height=\"200\" srcset=\"https:\/\/laultimapalabra.com.mx\/portal\/wp-content\/uploads\/2024\/11\/001-16-300x200.jpg 300w, https:\/\/laultimapalabra.com.mx\/portal\/wp-content\/uploads\/2024\/11\/001-16-1024x684.jpg 1024w, https:\/\/laultimapalabra.com.mx\/portal\/wp-content\/uploads\/2024\/11\/001-16-768x513.jpg 768w, https:\/\/laultimapalabra.com.mx\/portal\/wp-content\/uploads\/2024\/11\/001-16-1536x1026.jpg 1536w, https:\/\/laultimapalabra.com.mx\/portal\/wp-content\/uploads\/2024\/11\/001-16-2048x1368.jpg 2048w\" sizes=\"auto, (max-width: 300px) 100vw, 300px\" \/><br \/>\nLa rehabilitaci\u00f3n de los primeros 26 parques quedar\u00e1 concluida entre mayo y julio del 2025.<br \/>\nEl programa de rescate de espacios p\u00fablicos continuar\u00e1 en otras colonias y forma parte de una estrategia integral para la reconstrucci\u00f3n del tejido social en el Municipio, a trav\u00e9s de \u00e1reas para la convivencia familiar\u00a0y\u00a0vecinal.<\/p>\n<p><img loading=\"lazy\" decoding=\"async\" class=\"alignnone size-medium wp-image-62387\" src=\"https:\/\/laultimapalabra.com.mx\/portal\/wp-content\/uploads\/2024\/11\/001-22-300x200.jpg\" alt=\"\" width=\"300\" height=\"200\" srcset=\"https:\/\/laultimapalabra.com.mx\/portal\/wp-content\/uploads\/2024\/11\/001-22-300x200.jpg 300w, https:\/\/laultimapalabra.com.mx\/portal\/wp-content\/uploads\/2024\/11\/001-22-1024x684.jpg 1024w, https:\/\/laultimapalabra.com.mx\/portal\/wp-content\/uploads\/2024\/11\/001-22-768x513.jpg 768w, https:\/\/laultimapalabra.com.mx\/portal\/wp-content\/uploads\/2024\/11\/001-22-1536x1026.jpg 1536w, https:\/\/laultimapalabra.com.mx\/portal\/wp-content\/uploads\/2024\/11\/001-22-2048x1368.jpg 2048w\" sizes=\"auto, (max-width: 300px) 100vw, 300px\" \/> <img loading=\"lazy\" decoding=\"async\" class=\"alignnone size-medium wp-image-62386\" src=\"https:\/\/laultimapalabra.com.mx\/portal\/wp-content\/uploads\/2024\/11\/001-21-300x200.jpg\" alt=\"\" width=\"300\" height=\"200\" srcset=\"https:\/\/laultimapalabra.com.mx\/portal\/wp-content\/uploads\/2024\/11\/001-21-300x200.jpg 300w, https:\/\/laultimapalabra.com.mx\/portal\/wp-content\/uploads\/2024\/11\/001-21-1024x684.jpg 1024w, https:\/\/laultimapalabra.com.mx\/portal\/wp-content\/uploads\/2024\/11\/001-21-768x513.jpg 768w, https:\/\/laultimapalabra.com.mx\/portal\/wp-content\/uploads\/2024\/11\/001-21-1536x1026.jpg 1536w, https:\/\/laultimapalabra.com.mx\/portal\/wp-content\/uploads\/2024\/11\/001-21-2048x1368.jpg 2048w\" sizes=\"auto, (max-width: 300px) 100vw, 300px\" \/><\/p>\n","protected":false},"excerpt":{"rendered":"<p>Ju\u00e1rez, N.L. Con una inversi\u00f3n de 83 millones de pesos, el alcalde de Ju\u00e1rez, F\u00e9lix Arratia, inici\u00f3 un programa de rescate de espacios p\u00fablicos que incluye la rehabilitaci\u00f3n de 26 parques en una primera etapa. Acompa\u00f1ado de su esposa M\u00f3nica Oyervides, y del Secretario de Obras P\u00fablicas, C\u00e9sar Garc\u00eda, el Edil dio el banderazo de [&hellip;]<\/p>\n","protected":false},"author":14,"featured_media":62384,"comment_status":"closed","ping_status":"closed","sticky":false,"template":"","format":"standard","meta":{"footnotes":""},"categories":[18],"tags":[631,10885,12463,5859],"class_list":["post-62382","post","type-post","status-publish","format-standard","has-post-thumbnail","hentry","category-locales-juarez","tag-colonia-los-cometas","tag-felix-arratia","tag-obras-publicas","tag-ultimas-noticias"],"_links":{"self":[{"href":"https:\/\/laultimapalabra.com.mx\/portal\/wp-json\/wp\/v2\/posts\/62382","targetHints":{"allow":["GET"]}}],"collection":[{"href":"https:\/\/laultimapalabra.com.mx\/portal\/wp-json\/wp\/v2\/posts"}],"about":[{"href":"https:\/\/laultimapalabra.com.mx\/portal\/wp-json\/wp\/v2\/types\/post"}],"author":[{"embeddable":true,"href":"https:\/\/laultimapalabra.com.mx\/portal\/wp-json\/wp\/v2\/users\/14"}],"replies":[{"embeddable":true,"href":"https:\/\/laultimapalabra.com.mx\/portal\/wp-json\/wp\/v2\/comments?post=62382"}],"version-history":[{"count":1,"href":"https:\/\/laultimapalabra.com.mx\/portal\/wp-json\/wp\/v2\/posts\/62382\/revisions"}],"predecessor-version":[{"id":62395,"href":"https:\/\/laultimapalabra.com.mx\/portal\/wp-json\/wp\/v2\/posts\/62382\/revisions\/62395"}],"wp:featuredmedia":[{"embeddable":true,"href":"https:\/\/laultimapalabra.com.mx\/portal\/wp-json\/wp\/v2\/media\/62384"}],"wp:attachment":[{"href":"https:\/\/laultimapalabra.com.mx\/portal\/wp-json\/wp\/v2\/media?parent=62382"}],"wp:term":[{"taxonomy":"category","embeddable":true,"href":"https:\/\/laultimapalabra.com.mx\/portal\/wp-json\/wp\/v2\/categories?post=62382"},{"taxonomy":"post_tag","embeddable":true,"href":"https:\/\/laultimapalabra.com.mx\/portal\/wp-json\/wp\/v2\/tags?post=62382"}],"curies":[{"name":"wp","href":"https:\/\/api.w.org\/{rel}","templated":true}]}}