                       {"id":62424,"date":"2024-11-21T16:08:47","date_gmt":"2024-11-21T22:08:47","guid":{"rendered":"https:\/\/laultimapalabra.com.mx\/portal\/?p=62424"},"modified":"2024-11-21T16:08:47","modified_gmt":"2024-11-21T22:08:47","slug":"presenta-sheinbaum-plan-nacional-hidrico-que-concibe-al-agua-como-un-derecho","status":"publish","type":"post","link":"https:\/\/laultimapalabra.com.mx\/portal\/presenta-sheinbaum-plan-nacional-hidrico-que-concibe-al-agua-como-un-derecho\/","title":{"rendered":"Presenta Sheinbaum plan nacional h\u00eddrico que concibe al agua como un derecho"},"content":{"rendered":"<p>CDMX<br \/>\nLa Presidenta de M\u00e9xico, Claudia Sheinbaum Pardo, present\u00f3 el Plan Nacional H\u00eddrico, el cual tiene como objetivo principal hacer del agua un derecho humano y un bien de la naci\u00f3n.<br \/>\n\u201cEl agua deja de verse como una mercanc\u00eda y se reconoce como un derecho, esa es una de las esencias del Plan Nacional H\u00eddrico. Se deja atr\u00e1s la visi\u00f3n neoliberal, ya hab\u00eda iniciado con el presidente L\u00f3pez Obrador pero le vamos a dar un impulso a mayor a recuperar el agua como un bien de la naci\u00f3n y como un derecho humano\u201d, destac\u00f3 en la conferencia matutina: &#8220;Las ma\u00f1aneras del pueblo\u201d.<br \/>\nEl Plan Nacional H\u00eddrico se basa en cuatro ejes: pol\u00edtica h\u00eddrica y soberan\u00eda nacional; justicia y acceso al agua; mitigaci\u00f3n del impacto ambiental y adaptaci\u00f3n al cambio clim\u00e1tico, as\u00ed como gesti\u00f3n integral y transparente.<br \/>\nLa jefa del Ejecutivo Federal, explic\u00f3 que dentro de este plan se impulsar\u00e1n acciones como:<br \/>\n1. Ordenar las concesiones, para evitar la venta del agua concesionada que no sea ocupada al incentivar la devoluci\u00f3n voluntaria de aquellos vol\u00famenes de agua que no son utilizados, para ello se ha mantenido un di\u00e1logo con las industriales y los distritos de agua.<br \/>\n2. Eficiencia en el riego agr\u00edcola, con la tecnificaci\u00f3n del riego, lo que va a permitir m\u00e1s productividad del campo y tener m\u00e1s disponibilidad de agua<br \/>\n3. Implementaci\u00f3n de un Plan Maestro, en el que participa el Gobierno de M\u00e9xico, los estados y los municipios para que los recursos sean trabajados de manera conjunta, particularmente en infraestructura de agua potable<br \/>\n4. Proyectos estrat\u00e9gicos, para que a partir de las inversiones se permita destinar agua donde hay mayor necesidad<br \/>\n5. Saneamiento, a trav\u00e9s del cual se restaurar\u00e1n varios cuerpos de agua, en particular de tres r\u00edos: Lerma-Santiago, Atoyac y Tula.<br \/>\nInform\u00f3 que las acciones del Plan Nacional H\u00eddrico, comienzan el pr\u00f3ximo lunes 25 de noviembre con la firma del Acuerdo Nacional por el Derecho Humano al Agua y la Sustentabilidad.<br \/>\n\u201cHay recursos a partir del 2025 para poder cumplir este plan ambicioso, hist\u00f3rico, Plan Nacional H\u00eddrico para M\u00e9xico\u201d, puntualiz\u00f3.<\/p>\n<p>&nbsp;<\/p>\n","protected":false},"excerpt":{"rendered":"<p>CDMX La Presidenta de M\u00e9xico, Claudia Sheinbaum Pardo, present\u00f3 el Plan Nacional H\u00eddrico, el cual tiene como objetivo principal hacer del agua un derecho humano y un bien de la naci\u00f3n. \u201cEl agua deja de verse como una mercanc\u00eda y se reconoce como un derecho, esa es una de las esencias del Plan Nacional H\u00eddrico. [&hellip;]<\/p>\n","protected":false},"author":9,"featured_media":62425,"comment_status":"closed","ping_status":"closed","sticky":false,"template":"","format":"standard","meta":{"footnotes":""},"categories":[19],"tags":[9288,8777,12473,7962,12472],"class_list":["post-62424","post","type-post","status-publish","format-standard","has-post-thumbnail","hentry","category-nacional","tag-claudia-sheinbaum-pardo","tag-gobierno-de-mexico","tag-las-mananeras-del-pueblo","tag-lopez-obrador","tag-plan-nacional-hidrico"],"_links":{"self":[{"href":"https:\/\/laultimapalabra.com.mx\/portal\/wp-json\/wp\/v2\/posts\/62424","targetHints":{"allow":["GET"]}}],"collection":[{"href":"https:\/\/laultimapalabra.com.mx\/portal\/wp-json\/wp\/v2\/posts"}],"about":[{"href":"https:\/\/laultimapalabra.com.mx\/portal\/wp-json\/wp\/v2\/types\/post"}],"author":[{"embeddable":true,"href":"https:\/\/laultimapalabra.com.mx\/portal\/wp-json\/wp\/v2\/users\/9"}],"replies":[{"embeddable":true,"href":"https:\/\/laultimapalabra.com.mx\/portal\/wp-json\/wp\/v2\/comments?post=62424"}],"version-history":[{"count":1,"href":"https:\/\/laultimapalabra.com.mx\/portal\/wp-json\/wp\/v2\/posts\/62424\/revisions"}],"predecessor-version":[{"id":62426,"href":"https:\/\/laultimapalabra.com.mx\/portal\/wp-json\/wp\/v2\/posts\/62424\/revisions\/62426"}],"wp:featuredmedia":[{"embeddable":true,"href":"https:\/\/laultimapalabra.com.mx\/portal\/wp-json\/wp\/v2\/media\/62425"}],"wp:attachment":[{"href":"https:\/\/laultimapalabra.com.mx\/portal\/wp-json\/wp\/v2\/media?parent=62424"}],"wp:term":[{"taxonomy":"category","embeddable":true,"href":"https:\/\/laultimapalabra.com.mx\/portal\/wp-json\/wp\/v2\/categories?post=62424"},{"taxonomy":"post_tag","embeddable":true,"href":"https:\/\/laultimapalabra.com.mx\/portal\/wp-json\/wp\/v2\/tags?post=62424"}],"curies":[{"name":"wp","href":"https:\/\/api.w.org\/{rel}","templated":true}]}}