                       {"id":6280,"date":"2019-02-20T09:43:02","date_gmt":"2019-02-20T09:43:02","guid":{"rendered":"http:\/\/laultimapalabra.info\/?p=6280"},"modified":"2024-12-11T08:53:42","modified_gmt":"2024-12-11T14:53:42","slug":"matan-a-balazos-a-tres-hombres-y-uno-mas-resulta-herido-en-cadereyta","status":"publish","type":"post","link":"https:\/\/laultimapalabra.com.mx\/portal\/matan-a-balazos-a-tres-hombres-y-uno-mas-resulta-herido-en-cadereyta\/","title":{"rendered":"Matan a balazos a tres hombres y uno m\u00e1s resulta herido en Cadereyta"},"content":{"rendered":"<p><img loading=\"lazy\" decoding=\"async\" src=\"https:\/\/laultimapalabra.com.mx\/portal\/wp-content\/uploads\/2019\/02\/screenshot_20190220-033528_samsung-internet6602681933054678068..jpg\" class=\"wp-image-6279 alignnone size-full\" width=\"720\" height=\"600\"><\/p>\n<p>El primer hecho ocurri\u00f3 en la colonia Bella Vista , mientras que el segundo ocurri\u00f3 en el sector Nuevo Cadereyta.<\/p>\n<p>CADEREYTA.- En dos hechos distintos, tres hombres murieron y uno m\u00e1s result\u00f3 herido luego de ser atacado a balazos, en el municipio de Cadereyta.<\/p>\n<p>La primera movilizaci\u00f3n ocurri\u00f3 ayer en la calle Justo Sierra, en la colonia Nuevo Cadereyta, donde un hombre, que no ha sido identificado, fue asesinado.<\/p>\n<p>Por su parte en la colonia Bella Vista, tres hombres fueron baleados cuando se encontraban afuera de un domicilio ubicado en la calle Vista Verde casi esquina de Vista Hermosa.<\/p>\n<p>Tras ser trasladados al hospital de Pemex y recibir atenci\u00f3n m\u00e9dica , dos hombres perdieron la vida.<\/p>\n<p>Autoridades informaron que uno de los fallecidos es Jonathan Abel Castro C\u00f3rdova, alias el &#8216;Flaco&#8217;, de 19 a\u00f1os de edad, mientras que la segunda v\u00edctima fue identificada como Juan Miguel.<\/p>\n<p>Jos\u00e9 Trinidad Ram\u00edrez Garc\u00eda de 36 a\u00f1os de edad permanece en estado grave tras recibir impactos de arma de fuego en el muslo izquierdo y pantorrilla derecha.<\/p>\n<p>Elementos de la Agencia Estatal de Investigaciones ya realizan las indagatorias correspondientes para dar con los responsables.<\/p>\n<p>Fuente: El horizonte\/Multimedios<\/p>\n","protected":false},"excerpt":{"rendered":"<p>El primer hecho ocurri\u00f3 en la colonia Bella Vista , mientras que el segundo ocurri\u00f3 en el sector Nuevo Cadereyta. CADEREYTA.- En dos hechos distintos, tres hombres murieron y uno m\u00e1s result\u00f3 herido luego de ser atacado a balazos, en el municipio de Cadereyta. La primera movilizaci\u00f3n ocurri\u00f3 ayer en la calle Justo Sierra, en [&hellip;]<\/p>\n","protected":false},"author":9,"featured_media":6279,"comment_status":"open","ping_status":"closed","sticky":false,"template":"","format":"standard","meta":{"footnotes":""},"categories":[17,8,9],"tags":[637,926],"class_list":["post-6280","post","type-post","status-publish","format-standard","has-post-thumbnail","hentry","category-locales-cadereyta","category-seguridad","category-seguridad-cadereyta","tag-colonia-nueva-cadereyta","tag-ejecutados-cadereyta"],"_links":{"self":[{"href":"https:\/\/laultimapalabra.com.mx\/portal\/wp-json\/wp\/v2\/posts\/6280","targetHints":{"allow":["GET"]}}],"collection":[{"href":"https:\/\/laultimapalabra.com.mx\/portal\/wp-json\/wp\/v2\/posts"}],"about":[{"href":"https:\/\/laultimapalabra.com.mx\/portal\/wp-json\/wp\/v2\/types\/post"}],"author":[{"embeddable":true,"href":"https:\/\/laultimapalabra.com.mx\/portal\/wp-json\/wp\/v2\/users\/9"}],"replies":[{"embeddable":true,"href":"https:\/\/laultimapalabra.com.mx\/portal\/wp-json\/wp\/v2\/comments?post=6280"}],"version-history":[{"count":1,"href":"https:\/\/laultimapalabra.com.mx\/portal\/wp-json\/wp\/v2\/posts\/6280\/revisions"}],"predecessor-version":[{"id":66372,"href":"https:\/\/laultimapalabra.com.mx\/portal\/wp-json\/wp\/v2\/posts\/6280\/revisions\/66372"}],"wp:featuredmedia":[{"embeddable":true,"href":"https:\/\/laultimapalabra.com.mx\/portal\/wp-json\/"}],"wp:attachment":[{"href":"https:\/\/laultimapalabra.com.mx\/portal\/wp-json\/wp\/v2\/media?parent=6280"}],"wp:term":[{"taxonomy":"category","embeddable":true,"href":"https:\/\/laultimapalabra.com.mx\/portal\/wp-json\/wp\/v2\/categories?post=6280"},{"taxonomy":"post_tag","embeddable":true,"href":"https:\/\/laultimapalabra.com.mx\/portal\/wp-json\/wp\/v2\/tags?post=6280"}],"curies":[{"name":"wp","href":"https:\/\/api.w.org\/{rel}","templated":true}]}}