                       {"id":62872,"date":"2024-12-03T17:14:53","date_gmt":"2024-12-03T23:14:53","guid":{"rendered":"https:\/\/laultimapalabra.com.mx\/portal\/?p=62872"},"modified":"2024-12-03T17:14:53","modified_gmt":"2024-12-03T23:14:53","slug":"en-el-imss-tambien-es-tiempo-de-mujeres-representan-el-50-8-por-ciento-de-profesionales-de-la-salud-zoe-robledo","status":"publish","type":"post","link":"https:\/\/laultimapalabra.com.mx\/portal\/en-el-imss-tambien-es-tiempo-de-mujeres-representan-el-50-8-por-ciento-de-profesionales-de-la-salud-zoe-robledo\/","title":{"rendered":"En el IMSS tambi\u00e9n es tiempo de mujeres, representan el 50.8 por ciento de profesionales de la salud: Zo\u00e9 Robledo"},"content":{"rendered":"<ul>\n<li><strong>El director general del Seguro Social y el secretario de Salud, David Kershenobich Stalnikowitz, encabezaron la develaci\u00f3n del busto en bronce de la doctora Margarita Dehesa Violante, en la Plaza de las M\u00e9dicas y M\u00e9dicos Ilustres del Centro M\u00e9dico Nacional Siglo XXI.<\/strong><\/li>\n<li><strong>Zo\u00e9 Robledo anunci\u00f3 que enviar\u00e1 al H. Consejo T\u00e9cnico del IMSS una propuesta para ponerle nombre a ocho Unidades M\u00e9dicas de Alta Especialidad (UMAE). \u201cLa \u00fanica condici\u00f3n para las postulaciones es que sean trayectorias institucionales de m\u00e9dicas del IMSS, todas mujeres\u201d.<\/strong><\/li>\n<li><strong>Se otorg\u00f3 el Premio \u201cDr. Jes\u00fas Kumate Rodr\u00edguez\u201d, siete reconocimientos al M\u00e9rito M\u00e9dico por Afore XXI Banorte Fundaci\u00f3n IMSS, y la entrega simb\u00f3lica del Reconocimiento de la Atenci\u00f3n M\u00e9dica de Calidad.<\/strong><\/li>\n<\/ul>\n<p><strong>\u00a0<\/strong><\/p>\n<p>El Instituto Mexicano del Seguro Social (IMSS) realiz\u00f3 su Ceremonia Institucional del D\u00eda de las M\u00e9dicas y los M\u00e9dicos, encabezada por el director general Zo\u00e9 Robledo, donde se reconoci\u00f3 al personal que labora para mejorar la salud de la poblaci\u00f3n mexicana y se devel\u00f3 en bronce el busto de la doctora Margarita Dehesa Violante, quien fue la primera jefa del Servicio de Gastroenter\u00f3loga del Hospital de Especialidades del Centro M\u00e9dico Nacional (CMN) Siglo XXI.<\/p>\n<p>&nbsp;<\/p>\n<p>El doctor David Kershenobich Stalnikowitz, secretario de Salud, asisti\u00f3 a la emotiva ceremonia de develaci\u00f3n de la efigie de la doctora Margarita Dehesa Violante en la ic\u00f3nica Plaza de M\u00e9dicos y M\u00e9dicas Ilustres del Instituto Mexicano del Seguro Social (IMSS), en el Centro M\u00e9dico Nacional Siglo XXI. Este merecido homenaje reconoce el legado de una destacada profesional que dej\u00f3 una huella imborrable en la medicina mexicana, siendo pionera en la salud p\u00fablica y un ejemplo de dedicaci\u00f3n y compromiso. Su trayectoria inspira a las generaciones actuales y futuras de m\u00e9dicos y m\u00e9dicas del pa\u00eds.<\/p>\n<p>&nbsp;<\/p>\n<p>En la Unidad de Congresos del CMN Siglo XXI, Zo\u00e9 Robledo dijo que el futuro del Seguro Social es prometedor, porque la presidenta de M\u00e9xico, Claudia Sheinbaum, es una mujer de ciencia e izquierda que cree en el fortalecimiento de las instituciones p\u00fablicas y en particular del Instituto. En dos meses del gobierno federal, la presidenta ha anunciado tres hospitales nuevos del IMSS para Zacatecas, Saltillo y Nuevo Le\u00f3n.<\/p>\n<p>&nbsp;<\/p>\n<p>\u201cEso es estar al tiempo de la Rep\u00fablica y al tiempo de la humanidad, el tiempo de mujeres\u201d que hoy que representan el 50.8 por ciento de profesionales de la salud.<\/p>\n<p>&nbsp;<\/p>\n<p>Destac\u00f3 que en el Instituto cinco de las nueve directoras normativas son mujeres, existe equilibrio en la titularidad de las 35 representaciones en los estados y en la propia historia del IMSS destacadas m\u00e9dicas han aportado en la investigaci\u00f3n sobre enfermedades cardiovasculares y atenci\u00f3n comunitaria en zonas marginadas, entre otros rubros.<\/p>\n<p>&nbsp;<\/p>\n<p>Zo\u00e9 Robledo anunci\u00f3 que enviar\u00e1 al H. Consejo T\u00e9cnico del IMSS una propuesta de acuerdo para iniciar una convocatoria nacional abierta entre el gremio m\u00e9dico para ponerle nombre a ocho Unidades M\u00e9dicas de Alta Especialidad (UMAE): cuatro hospitales de especialidades, dos de Gineco Obstetricia, uno de Pediatr\u00eda y uno de Trauma y Ortopedia. \u201cLa \u00fanica condici\u00f3n para las postulaciones es que sean trayectorias institucionales de m\u00e9dicas del IMSS, todas mujeres\u201d.<\/p>\n<p>&nbsp;<\/p>\n<p>Resalt\u00f3 que del 25 de octubre de 2019 a la fecha, se han cumplido diversos compromisos: creci\u00f3 la formaci\u00f3n de m\u00e9dicas y m\u00e9dicos al pasar de 15 mil 264 residentes en 2019 a 26 mil 248 en 2024, incremento del 76 por ciento; el n\u00famero de becas para estudiar alguna especialidad aument\u00f3 de 4 mil 637 a 9 mil 509 en el mismo periodo.<\/p>\n<p>&nbsp;<\/p>\n<p>A\u00f1adi\u00f3 que las sedes para formaci\u00f3n especializada crecieron de 200 a casi 400 en este a\u00f1o; en los \u00faltimos cinco a\u00f1os se contrataron 11 mil 895 nuevos especialistas y mil 551 de Medicina Familiar; el aumento del salario mensual bruto de 2019 a la fecha creci\u00f3 37.1 por ciento, adem\u00e1s de cumplir el compromiso de basificaci\u00f3n al entregar 17 mil 078 plazas permanentes a m\u00e9dicas y m\u00e9dicos especialistas.<\/p>\n<p>&nbsp;<\/p>\n<p>Al hacer uso de la palabra, la doctora Margarita Beatriz Dehesa Violante, m\u00e9dica galardonada, expres\u00f3 su agradecimiento por el honor que se le brinda y la importancia de la formaci\u00f3n profesional que se recibe en el IMSS. Resalt\u00f3 que el Instituto fue un maestro generoso, juez implacable y un espacio de lucha continua que le dio acceso a conocimientos que no hubiera adquirido en otro lado, el cual hoy busca tener mayor capacidad, m\u00e1s investigaci\u00f3n y mejores servicios.<\/p>\n<p>&nbsp;<\/p>\n<p>\u201cDurante m\u00e1s de cinco d\u00e9cadas, al lado de colegas y residentes a los que respeto, y de pacientes a los que procur\u00e9 darles el trato m\u00e1s digno y el mejor cuidado posible, aprend\u00ed a preguntar, escuchar con atenci\u00f3n y a trabajar con todos los sectores\u201d, dijo.<\/p>\n<p>&nbsp;<\/p>\n<p>En su mensaje, la directora de Prestaciones M\u00e9dicas, doctora Alva Alejandra Santos Carrillo, reconoci\u00f3 la noble labor del personal de salud que d\u00eda con d\u00eda atiende a casi 77 millones de derechohabientes en mil 846 unidades de atenci\u00f3n m\u00e9dica a trav\u00e9s de abordajes innovadores, estrategias de prevenci\u00f3n, promoci\u00f3n a la salud hasta atenci\u00f3n especializada y resoluci\u00f3n de problemas complejos.<\/p>\n<p>&nbsp;<\/p>\n<p>Detall\u00f3 que con la infraestructura dedicada a la atenci\u00f3n m\u00e9dica, hasta agosto de 2024 en un d\u00eda las y los m\u00e9dicos del IMSS brindan m\u00e1s de 538 mil consultas diarias, 63 millones 690 mil 843 consultas s\u00f3lo en el Primer Nivel de Atenci\u00f3n, 12 millones 725 en especialidades y se realizan m\u00e1s de 4 mil operaciones todos los d\u00edas.<\/p>\n<p>&nbsp;<\/p>\n<p>Hizo un llamado al personal m\u00e9dico a no olvidar el amor a su profesi\u00f3n y a nunca dejar de inspirar a quienes vienen detr\u00e1s de ellos, porque finalmente \u201ctodos somos maestros, hagamos esta tarea de manera consciente e inspiremos a desarrollar grandes m\u00e9dicos\u201d.<\/p>\n<p>&nbsp;<\/p>\n<p>A su vez, el secretario general del Sindicato Nacional de Trabajadores del Seguro Social (SNTSS), doctor Rafael Olivos Hern\u00e1ndez, coment\u00f3 que en el personal m\u00e9dico se deposita la confianza de recuperar la salud, hecho que coloca a las y los m\u00e9dicos en una enorme responsabilidad.<\/p>\n<p>&nbsp;<\/p>\n<p>\u201cSer m\u00e9dico o m\u00e9dica es mucho m\u00e1s que una profesi\u00f3n, es un compromiso permanente de servir, otorgar bienestar y dignificar la vida de quienes atendemos; somos la primera l\u00ednea de atenci\u00f3n para decenas de millones de mexicanos que conf\u00edan en nosotros para cuidar su salud\u201d, destac\u00f3.<\/p>\n<p>&nbsp;<\/p>\n<p>En su intervenci\u00f3n, el director de Afore XXI Banorte, David Raz\u00fa Aznar, indic\u00f3 que en esta ceremonia se celebra a quienes son el coraz\u00f3n operativo del Instituto, \u201ces gracias a su vocaci\u00f3n, dedicaci\u00f3n y compromiso incansable que el Seguro Social conmemora 81 a\u00f1os de servicio, de un legado de salud y esperanza de este pilar, que desde su fundaci\u00f3n en 1943 ha perseguido un solo fin: el bienestar de toda la poblaci\u00f3n mexicana\u201d.<\/p>\n<p>&nbsp;<\/p>\n<p>Afirm\u00f3 que hoy todo el IMSS es bienestar, derechos laborales e historias que son un testimonio fiel del arduo trabajo que se realiza al interior del Instituto; la fuerza de su personal de atenci\u00f3n y servicio se puede constatar y consultar en la Colecci\u00f3n Medicina de Excelencia \u201cque compilan 80 a\u00f1os de nuestra casa y donde se contin\u00faa escribiendo un segundo piso del IMSS Bienestar, que naci\u00f3 como un sue\u00f1o\u201d.<\/p>\n<p>&nbsp;<\/p>\n<p>Durante el evento realizado en la Unidad de Congresos del Centro M\u00e9dico Nacional (CMN) Siglo XXI, se hizo entrega del Premio \u201cDr. Jes\u00fas Kumate Rodr\u00edguez\u201d al doctor V\u00edctor Hugo Cervantes L\u00f3pez, quien acudi\u00f3 en apoyo del Hospital General Regional (HGR) No. 1, Vicente Guerrero, Acapulco, durante el hurac\u00e1n Otis, al realizar actividades de estabilizaci\u00f3n y evacuaci\u00f3n de los pacientes afectados del hospital.<\/p>\n<p>&nbsp;<\/p>\n<p>Asimismo, se entregaron siete premios al M\u00e9rito M\u00e9dico, patrocinados por Afore XXI Banorte y la Fundaci\u00f3n IMSS, para reconocer la dedicaci\u00f3n y compromiso de destacados m\u00e9dicos en el pa\u00eds.<\/p>\n<p>&nbsp;<\/p>\n<p>En un gesto simb\u00f3lico, tambi\u00e9n se otorgaron los Reconocimientos de la Atenci\u00f3n M\u00e9dica de Calidad a 10 de los mejores calificados entre los mil 489 acreedores de todo el pa\u00eds, distinci\u00f3n que resalta el esfuerzo y la calidad en la atenci\u00f3n brindada por los profesionales de la salud del IMSS.<\/p>\n<p>&nbsp;<\/p>\n<p>Asistieron consejeros del H. Consejo T\u00e9cnico del IMSS, directores normativos, titulares de \u00d3rganos de Operaci\u00f3n Administrativa Desconcentrada (OOAD), directores de Unidades M\u00e9dicas de Alta Especialidad (UMAE), personal m\u00e9dico y del Voluntariado IMSS, coordinadores y jefes de unidades m\u00e9dicas, entre otros.<\/p>\n","protected":false},"excerpt":{"rendered":"<p>El director general del Seguro Social y el secretario de Salud, David Kershenobich Stalnikowitz, encabezaron la develaci\u00f3n del busto en bronce de la doctora Margarita Dehesa Violante, en la Plaza de las M\u00e9dicas y M\u00e9dicos Ilustres del Centro M\u00e9dico Nacional Siglo XXI. Zo\u00e9 Robledo anunci\u00f3 que enviar\u00e1 al H. Consejo T\u00e9cnico del IMSS una propuesta [&hellip;]<\/p>\n","protected":false},"author":14,"featured_media":62873,"comment_status":"closed","ping_status":"closed","sticky":false,"template":"","format":"standard","meta":{"footnotes":""},"categories":[15],"tags":[1249,12543,10411],"class_list":["post-62872","post","type-post","status-publish","format-standard","has-post-thumbnail","hentry","category-estado","tag-imss","tag-tiempodemujeres","tag-ultimasnoticias"],"_links":{"self":[{"href":"https:\/\/laultimapalabra.com.mx\/portal\/wp-json\/wp\/v2\/posts\/62872","targetHints":{"allow":["GET"]}}],"collection":[{"href":"https:\/\/laultimapalabra.com.mx\/portal\/wp-json\/wp\/v2\/posts"}],"about":[{"href":"https:\/\/laultimapalabra.com.mx\/portal\/wp-json\/wp\/v2\/types\/post"}],"author":[{"embeddable":true,"href":"https:\/\/laultimapalabra.com.mx\/portal\/wp-json\/wp\/v2\/users\/14"}],"replies":[{"embeddable":true,"href":"https:\/\/laultimapalabra.com.mx\/portal\/wp-json\/wp\/v2\/comments?post=62872"}],"version-history":[{"count":1,"href":"https:\/\/laultimapalabra.com.mx\/portal\/wp-json\/wp\/v2\/posts\/62872\/revisions"}],"predecessor-version":[{"id":62874,"href":"https:\/\/laultimapalabra.com.mx\/portal\/wp-json\/wp\/v2\/posts\/62872\/revisions\/62874"}],"wp:featuredmedia":[{"embeddable":true,"href":"https:\/\/laultimapalabra.com.mx\/portal\/wp-json\/wp\/v2\/media\/62873"}],"wp:attachment":[{"href":"https:\/\/laultimapalabra.com.mx\/portal\/wp-json\/wp\/v2\/media?parent=62872"}],"wp:term":[{"taxonomy":"category","embeddable":true,"href":"https:\/\/laultimapalabra.com.mx\/portal\/wp-json\/wp\/v2\/categories?post=62872"},{"taxonomy":"post_tag","embeddable":true,"href":"https:\/\/laultimapalabra.com.mx\/portal\/wp-json\/wp\/v2\/tags?post=62872"}],"curies":[{"name":"wp","href":"https:\/\/api.w.org\/{rel}","templated":true}]}}