                       {"id":62897,"date":"2024-12-04T16:37:47","date_gmt":"2024-12-04T22:37:47","guid":{"rendered":"https:\/\/laultimapalabra.com.mx\/portal\/?p=62897"},"modified":"2024-12-04T16:37:47","modified_gmt":"2024-12-04T22:37:47","slug":"orale-felix-amarrese-samuel-a-arratia-para-el-2027","status":"publish","type":"post","link":"https:\/\/laultimapalabra.com.mx\/portal\/orale-felix-amarrese-samuel-a-arratia-para-el-2027\/","title":{"rendered":"&#8220;\u00a1\u00d3rale F\u00e9lix, am\u00e1rrese!&#8221;: Samuel a Arratia para el 2027"},"content":{"rendered":"<p>Ju\u00e1rez, N.L.<br \/>\nComo un destape anunciado y sutil, fueron las palabras de Samuel Garcia esta ma\u00f1ana, cuando se toc\u00f3 el tema del Metro para Cadereyta y Ju\u00e1rez.<br \/>\nDurante su discurso el gobernador emecista acept\u00f3 las dificultades para el financiamiento del Metro de la Exposici\u00f3n al municipio de Cadereyta, ya que estaba en manos del congreso las herramientas para la obtenci\u00f3n de los 10 mil \u00f3 15 mil millones de pesos para el anhelado proyecto.<br \/>\nEn el evento, el gobernador destac\u00f3 su amistad con el alcalde de Ju\u00e1rez y su trabajo en el Gobierno del Estado y tocante al tema del Metro mencion\u00f3 la posibilidad de que fuera otra persona la que arrancara la extensi\u00f3n de la.l\u00ednea uno a Ju\u00e1rez y uno de los asistentes grit\u00f3: \u00a1F\u00e9lix!<br \/>\nDe inmediato el gobernador, volteando hacia el alcalde naranja, dijo en voz alta con una expresi\u00f3n que para mucho un espaldarazo: &#8220;\u00a1\u00d3rale F\u00e9lix, am\u00e1rrese!&#8221;.<br \/>\nY es que para muchos el nombre de F\u00e9lix Arratia suena insistente para la candidatura por el MC a la gubernatura estatal para el 2027.<\/p>\n","protected":false},"excerpt":{"rendered":"<p>Ju\u00e1rez, N.L. Como un destape anunciado y sutil, fueron las palabras de Samuel Garcia esta ma\u00f1ana, cuando se toc\u00f3 el tema del Metro para Cadereyta y Ju\u00e1rez. Durante su discurso el gobernador emecista acept\u00f3 las dificultades para el financiamiento del Metro de la Exposici\u00f3n al municipio de Cadereyta, ya que estaba en manos del congreso [&hellip;]<\/p>\n","protected":false},"author":14,"featured_media":62898,"comment_status":"closed","ping_status":"closed","sticky":false,"template":"","format":"standard","meta":{"footnotes":""},"categories":[18],"tags":[12216,12370,3590,7701,2071],"class_list":["post-62897","post","type-post","status-publish","format-standard","has-post-thumbnail","hentry","category-locales-juarez","tag-alcalde-de-juarez","tag-feliz-arratia","tag-juarez-nl","tag-metro","tag-samuel-garcia"],"_links":{"self":[{"href":"https:\/\/laultimapalabra.com.mx\/portal\/wp-json\/wp\/v2\/posts\/62897","targetHints":{"allow":["GET"]}}],"collection":[{"href":"https:\/\/laultimapalabra.com.mx\/portal\/wp-json\/wp\/v2\/posts"}],"about":[{"href":"https:\/\/laultimapalabra.com.mx\/portal\/wp-json\/wp\/v2\/types\/post"}],"author":[{"embeddable":true,"href":"https:\/\/laultimapalabra.com.mx\/portal\/wp-json\/wp\/v2\/users\/14"}],"replies":[{"embeddable":true,"href":"https:\/\/laultimapalabra.com.mx\/portal\/wp-json\/wp\/v2\/comments?post=62897"}],"version-history":[{"count":1,"href":"https:\/\/laultimapalabra.com.mx\/portal\/wp-json\/wp\/v2\/posts\/62897\/revisions"}],"predecessor-version":[{"id":62899,"href":"https:\/\/laultimapalabra.com.mx\/portal\/wp-json\/wp\/v2\/posts\/62897\/revisions\/62899"}],"wp:featuredmedia":[{"embeddable":true,"href":"https:\/\/laultimapalabra.com.mx\/portal\/wp-json\/wp\/v2\/media\/62898"}],"wp:attachment":[{"href":"https:\/\/laultimapalabra.com.mx\/portal\/wp-json\/wp\/v2\/media?parent=62897"}],"wp:term":[{"taxonomy":"category","embeddable":true,"href":"https:\/\/laultimapalabra.com.mx\/portal\/wp-json\/wp\/v2\/categories?post=62897"},{"taxonomy":"post_tag","embeddable":true,"href":"https:\/\/laultimapalabra.com.mx\/portal\/wp-json\/wp\/v2\/tags?post=62897"}],"curies":[{"name":"wp","href":"https:\/\/api.w.org\/{rel}","templated":true}]}}