                       {"id":62911,"date":"2024-12-04T17:12:23","date_gmt":"2024-12-04T23:12:23","guid":{"rendered":"https:\/\/laultimapalabra.com.mx\/portal\/?p=62911"},"modified":"2024-12-04T17:12:23","modified_gmt":"2024-12-04T23:12:23","slug":"arrancan-felix-y-samuel-vacunacion-en-juarez","status":"publish","type":"post","link":"https:\/\/laultimapalabra.com.mx\/portal\/arrancan-felix-y-samuel-vacunacion-en-juarez\/","title":{"rendered":"Arrancan Felix y Samuel vacunaci\u00f3n en Ju\u00e1rez"},"content":{"rendered":"<p>Ju\u00e1rez, N.L.<br \/>\nEsta ma\u00f1ana, en un evento realizado en el estacionamiento del SunMall VIP, el alcalde de Ju\u00e1rez, F\u00e9lix Arratia, y el gobernador del estado, Samuel Garc\u00eda, iniciaron la campa\u00f1a de vacunaci\u00f3n en esta ciudad.<br \/>\nAmbos gobernantes estuvieron acompa\u00f1ados por la Diputada del Distrito 23, Roc\u00edo Montalvo y la Secretaria de Salud del Estado, Alma Rosa Marroqu\u00edn, donde simb\u00f3licamente vacunaron a dos personas e iniciaron la vacunaci\u00f3n express v\u00eda Drive Thru, en una de las entradas del conocido centro comercial, ubicado en la avenida Las Torres y Arturo B de la Garza.<\/p>\n","protected":false},"excerpt":{"rendered":"<p>Ju\u00e1rez, N.L. Esta ma\u00f1ana, en un evento realizado en el estacionamiento del SunMall VIP, el alcalde de Ju\u00e1rez, F\u00e9lix Arratia, y el gobernador del estado, Samuel Garc\u00eda, iniciaron la campa\u00f1a de vacunaci\u00f3n en esta ciudad. Ambos gobernantes estuvieron acompa\u00f1ados por la Diputada del Distrito 23, Roc\u00edo Montalvo y la Secretaria de Salud del Estado, Alma [&hellip;]<\/p>\n","protected":false},"author":14,"featured_media":62912,"comment_status":"closed","ping_status":"closed","sticky":false,"template":"","format":"standard","meta":{"footnotes":""},"categories":[18],"tags":[10885,3590,2071,12548],"class_list":["post-62911","post","type-post","status-publish","format-standard","has-post-thumbnail","hentry","category-locales-juarez","tag-felix-arratia","tag-juarez-nl","tag-samuel-garcia","tag-sunmall-vip"],"_links":{"self":[{"href":"https:\/\/laultimapalabra.com.mx\/portal\/wp-json\/wp\/v2\/posts\/62911","targetHints":{"allow":["GET"]}}],"collection":[{"href":"https:\/\/laultimapalabra.com.mx\/portal\/wp-json\/wp\/v2\/posts"}],"about":[{"href":"https:\/\/laultimapalabra.com.mx\/portal\/wp-json\/wp\/v2\/types\/post"}],"author":[{"embeddable":true,"href":"https:\/\/laultimapalabra.com.mx\/portal\/wp-json\/wp\/v2\/users\/14"}],"replies":[{"embeddable":true,"href":"https:\/\/laultimapalabra.com.mx\/portal\/wp-json\/wp\/v2\/comments?post=62911"}],"version-history":[{"count":1,"href":"https:\/\/laultimapalabra.com.mx\/portal\/wp-json\/wp\/v2\/posts\/62911\/revisions"}],"predecessor-version":[{"id":62913,"href":"https:\/\/laultimapalabra.com.mx\/portal\/wp-json\/wp\/v2\/posts\/62911\/revisions\/62913"}],"wp:featuredmedia":[{"embeddable":true,"href":"https:\/\/laultimapalabra.com.mx\/portal\/wp-json\/wp\/v2\/media\/62912"}],"wp:attachment":[{"href":"https:\/\/laultimapalabra.com.mx\/portal\/wp-json\/wp\/v2\/media?parent=62911"}],"wp:term":[{"taxonomy":"category","embeddable":true,"href":"https:\/\/laultimapalabra.com.mx\/portal\/wp-json\/wp\/v2\/categories?post=62911"},{"taxonomy":"post_tag","embeddable":true,"href":"https:\/\/laultimapalabra.com.mx\/portal\/wp-json\/wp\/v2\/tags?post=62911"}],"curies":[{"name":"wp","href":"https:\/\/api.w.org\/{rel}","templated":true}]}}